{"id":55949,"date":"2022-04-07T09:44:14","date_gmt":"2022-04-07T07:44:14","guid":{"rendered":"https:\/\/smarthealth.live\/?p=55949"},"modified":"2022-04-07T09:50:56","modified_gmt":"2022-04-07T07:50:56","slug":"le-dyson-zone-combine-un-casque-et-un-masque-buccal-en-un-seul-appareil","status":"publish","type":"post","link":"https:\/\/smarthealth.live\/fr\/2022\/04\/07\/le-dyson-zone-combine-un-casque-et-un-masque-buccal-en-un-seul-appareil\/","title":{"rendered":"Le Dyson Zone combine un casque et un masque buccal en un seul appareil"},"content":{"rendered":"\n<p class=\"wp-block-paragraph\"><strong>La soci\u00e9t\u00e9 technologique connue pour ses aspirateurs, lance cet automne son tout premier casque et masque buccal. L\u2019appareil surnomm\u00e9 le Dyson Zone \u00e0 l\u2019allure d\u2019un objet venu tout droit du futur. Il s\u2019agit d\u2019\u00e9couteurs purificateurs d'air et antibruit. Cette nouveaut\u00e9 permet \u00e0 la marque de faire \u00ab ses premiers pas \u00bb sur le march\u00e9 des wearables. L'entreprise britannique veut s'attaquer au probl\u00e8me urbain de la pollution atmosph\u00e9rique et du bruit. Le Dyson Zone sera disponible dans les magasins et la boutique en ligne \u00e0 la fin de l\u2019ann\u00e9e.<\/strong><\/p>\n\n\n\n<p class=\"wp-block-paragraph\">La visi\u00e8re du Dyson Zone fournit un air propre par le nez et la bouche. Dans le m\u00eame temps, le casque pi\u00e8ge les polluants atmosph\u00e9riques ind\u00e9sirables tels que les gaz, les allerg\u00e8nes et les poussi\u00e8res fines. Gr\u00e2ce \u00e0 la technologie de suppression du bruit (ANC), les \u00e9couteurs suppriment ceux ind\u00e9sirables. De plus, ils offrent un son hi-fi de haute qualit\u00e9. La visi\u00e8re peut \u00eatre d\u00e9tach\u00e9e lorsque l'utilisateur n'utilise que les \u00e9couteurs. La Dyson Zone fonctionne avec une application d'accompagnement qui permet de suivre la pollution atmosph\u00e9rique et sonore.<\/p>\n\n\n\n<h3 class=\"wp-block-heading\" id=\"h-developpement-du-dyson-zone\">D\u00e9veloppement du Dyson Zone<\/h3>\n\n\n\n<p class=\"wp-block-paragraph\">Dyson consacr\u00e9 des ann\u00e9es de recherches \u00e0 ce produit. Plus de 500 prototypes diff\u00e9rents ont \u00e9t\u00e9 con\u00e7us avant d\u2019obtenir la version finale. Les premiers tests \u00e9taient encore constitu\u00e9s d'un embout ressemblant \u00e0 un tuba et d'un sac portable avec un moteur et d'autres \u00e9l\u00e9ments int\u00e9rieurs. Finalement, les designers sont parvenus \u00e0 mettre au point un appareil portable compact. Ils ont utilis\u00e9 un mannequin respiratoire sp\u00e9cial, \u00e9quip\u00e9 de poumons m\u00e9caniques et d'appareils de mesure. Ce dernier inhalant de l'air pollu\u00e9, en se basant sur un mod\u00e8le de respiration humaine. C\u2019est ainsi que Dyson a pu d\u00e9terminer le niveau de contamination via l\u2019air ambiant.&nbsp;&nbsp;<\/p>\n\n\n\n<h3 class=\"wp-block-heading\" id=\"h-filtration-de-l-air\">Filtration de l'air<\/h3>\n\n\n\n<p class=\"wp-block-paragraph\">La visi\u00e8re, qui couvre la bouche et le nez, utilise la technologie de compression de l'air que Dyson utilise \u00e9galement dans ses purificateurs d'air domestiques. Deux compresseurs situ\u00e9s autour de l'oreille effectuent un mouvement de torsion, aspirant l'air. Un filtre \u00e9limine ensuite les gaz et les particules de l'air. L'air purifi\u00e9 passe du casque \u00e0 la visi\u00e8re. Il existe quatre modes de purification de l'air : faible, moyen, \u00e9lev\u00e9 et automatique. La partie de filtration ne touche pas le visage, mais est plac\u00e9e devant lui. Dyson affirme qu'il filtre jusqu'\u00e0 99 % de la pollution par les particules. Cependant, les utilisateurs doivent changer le filtre au bout d'un an environ, en fonction de la quantit\u00e9 de pollution atmosph\u00e9rique \u00e0 laquelle ils sont expos\u00e9s.<\/p>\n\n\n\n<h3 class=\"wp-block-heading\" id=\"h-la-pollution-atmospherique-et-le-bruit-un-probleme-sous-estime\">La pollution atmosph\u00e9rique et le bruit, un probl\u00e8me sous-estim\u00e9<\/h3>\n\n\n\n<p class=\"wp-block-paragraph\">Selon Dyson, il est n\u00e9cessaire qu'apparaissent sur <a href=\"https:\/\/smarthealth.live\/fr\/2022\/03\/17\/idc-plus-de-wearables-vendus-apple-reste-leader-du-marche\/\">le march\u00e9 des wearables <\/a>offrant une protection \u00e0 la fois contre la pollution atmosph\u00e9rique et le bruit. Neuf personnes sur dix dans le monde respirent un air qui d\u00e9passe <a href=\"https:\/\/www.who.int\/health-topics\/air-pollution#tab=tab_1\" target=\"_blank\" rel=\"noreferrer noopener\">les valeurs guides de l'OMS pour les polluants.<\/a><\/p>\n\n\n\n<p class=\"wp-block-paragraph\">L'OMS indique \u00e9galement que la quantit\u00e9 de dioxyde d'azote dans de nombreuses villes a maintenant retrouv\u00e9 son ancien niveau. Elle est m\u00eame plus \u00e9lev\u00e9e que pendant la pand\u00e9mie du coronavirus. Durant le confinement, la pollution par le NO2 avait diminu\u00e9. D\u2019apr\u00e8s les estimations de l\u2019organisation, plus de 100 millions de personnes sont expos\u00e9es \u00e0 un bruit qui d\u00e9passe les valeurs guides. La marque souligne qu\u2019il est sid\u00e9rant de constater que le wearable n'est pas explicitement mentionn\u00e9 comme une alternative au masque buccal, qui offre une protection contre la COVID-19.<\/p>\n\n\n\n<p class=\"wp-block-paragraph\"><iframe  id=\"_ytid_92938\"  width=\"1500\" height=\"844\"  data-origwidth=\"1500\" data-origheight=\"844\" src=\"https:\/\/www.youtube.com\/embed\/KW0nyPCQbjY?enablejsapi=1&autoplay=0&cc_load_policy=0&cc_lang_pref=&iv_load_policy=1&loop=0&rel=1&fs=1&playsinline=0&autohide=2&theme=dark&color=red&controls=1&disablekb=0&\" class=\"__youtube_prefs__  no-lazyload\" title=\"YouTube player\"  allow=\"fullscreen; accelerometer; autoplay; clipboard-write; encrypted-media; gyroscope; picture-in-picture; web-share\" referrerpolicy=\"strict-origin-when-cross-origin\" allowfullscreen data-no-lazy=\"1\" data-skipgform_ajax_framebjll=\"\"><\/iframe><\/p>\n\n\n\n<p class=\"wp-block-paragraph\"><div class=\"pullquote \"><div class=\"icon\"><\/div><h3><i>La pollution atmosph\u00e9rique est un probl\u00e8me mondial<\/i><\/h3><\/div><\/p>\n\n\n\n<p class=\"wp-block-paragraph\">L'ing\u00e9nieur en chef Jake Dyson, fils du fondateur James Dyson, affirme que \u00ab <em>La pollution atmosph\u00e9rique est un probl\u00e8me mondial. Cela nous concerne tous. \u00c0 la maison, \u00e0 l'\u00e9cole, au travail et en d\u00e9placement, \u00e0 pied, \u00e0 v\u00e9lo, en transports publics ou en voiture. Le Dyson Zone purifie l'air que vous respirez. Et contrairement aux masques faciaux, il fournit de l'air frais sans toucher votre visage, gr\u00e2ce \u00e0 des filtres de haute qualit\u00e9 et deux pompes \u00e0 air miniatures. Apr\u00e8s six ans de d\u00e9veloppement, nous sommes ravis de pouvoir offrir un air pur et un son pur, partout.<\/em> \u00bb<\/p>\n","protected":false},"excerpt":{"rendered":"<p>Le Dyson Zone sera disponible dans les magasins cet automne et offre une protection contre le bruit et la pollution atmosph\u00e9rique.<\/p>\n","protected":false},"author":42,"featured_media":55902,"comment_status":"open","ping_status":"open","sticky":false,"template":"","format":"standard","meta":{"_acf_changed":false,"footnotes":""},"categories":[4675],"tags":[5851,5852,4956,5507,5853,5854,4836,4826,4878,4880],"class_list":["post-55949","post","type-post","status-publish","format-standard","has-post-thumbnail","hentry","category-portables","tag-air","tag-bruit","tag-covid-19-fr","tag-digital-therapeutics-2","tag-dyson","tag-dyson-zone","tag-e-sante","tag-innovation","tag-soins-a-distance","tag-soins-numeriques"],"acf":[],"yoast_head":"<!-- This site is optimized with the Yoast SEO Premium plugin v20.8 (Yoast SEO v28.2) - https:\/\/yoast.com\/product\/yoast-seo-premium-wordpress\/ -->\n<title>Le Dyson Zone combine un casque et un masque buccal en un seul appareil - Smarthealth<\/title>\n<meta name=\"description\" content=\"Le Dyson Zone sera disponible dans les magasins cet automne et offre une protection contre le bruit et la pollution atmosph\u00e9rique.\" \/>\n<meta name=\"robots\" content=\"index, follow, max-snippet:-1, max-image-preview:large, max-video-preview:-1\" \/>\n<link rel=\"canonical\" href=\"https:\/\/smarthealth.live\/fr\/2022\/04\/07\/le-dyson-zone-combine-un-casque-et-un-masque-buccal-en-un-seul-appareil\/\" \/>\n<meta property=\"og:locale\" content=\"fr_FR\" \/>\n<meta property=\"og:type\" content=\"article\" \/>\n<meta property=\"og:title\" content=\"Le Dyson Zone combine un casque et un masque buccal en un seul appareil\" \/>\n<meta property=\"og:description\" content=\"Le Dyson Zone sera disponible dans les magasins cet automne et offre une protection contre le bruit et la pollution atmosph\u00e9rique.\" \/>\n<meta property=\"og:url\" content=\"https:\/\/smarthealth.live\/fr\/2022\/04\/07\/le-dyson-zone-combine-un-casque-et-un-masque-buccal-en-un-seul-appareil\/\" \/>\n<meta property=\"og:site_name\" content=\"Smarthealth\" \/>\n<meta property=\"article:publisher\" content=\"https:\/\/www.facebook.com\/smarthealthnl\/\" \/>\n<meta property=\"article:published_time\" content=\"2022-04-07T07:44:14+00:00\" \/>\n<meta property=\"article:modified_time\" content=\"2022-04-07T07:50:56+00:00\" \/>\n<meta property=\"og:image\" content=\"https:\/\/smarthealth.live\/wp-content\/uploads\/2022\/04\/Dyson-Zone-wearable.jpg\" \/>\n\t<meta property=\"og:image:width\" content=\"1024\" \/>\n\t<meta property=\"og:image:height\" content=\"576\" \/>\n\t<meta property=\"og:image:type\" content=\"image\/jpeg\" \/>\n<meta name=\"author\" content=\"Sebas Eikholt\" \/>\n<meta name=\"twitter:card\" content=\"summary_large_image\" \/>\n<meta name=\"twitter:creator\" content=\"@SmartHealthNL\" \/>\n<meta name=\"twitter:site\" content=\"@SmartHealthNL\" \/>\n<meta name=\"twitter:label1\" content=\"\u00c9crit par\" \/>\n\t<meta name=\"twitter:data1\" content=\"Sebas Eikholt\" \/>\n\t<meta name=\"twitter:label2\" content=\"Dur\u00e9e de lecture estim\u00e9e\" \/>\n\t<meta name=\"twitter:data2\" content=\"4 minutes\" \/>\n<script type=\"application\/ld+json\" class=\"yoast-schema-graph\">{\"@context\":\"https:\\\/\\\/schema.org\",\"@graph\":[{\"@type\":\"Article\",\"@id\":\"https:\\\/\\\/smarthealth.live\\\/fr\\\/2022\\\/04\\\/07\\\/le-dyson-zone-combine-un-casque-et-un-masque-buccal-en-un-seul-appareil\\\/#article\",\"isPartOf\":{\"@id\":\"https:\\\/\\\/smarthealth.live\\\/fr\\\/2022\\\/04\\\/07\\\/le-dyson-zone-combine-un-casque-et-un-masque-buccal-en-un-seul-appareil\\\/\"},\"author\":{\"name\":\"Sebas Eikholt\",\"@id\":\"https:\\\/\\\/smarthealth.live\\\/fr\\\/#\\\/schema\\\/person\\\/0e4910a90a4d77ab7745f11e961ebf6b\"},\"headline\":\"Le Dyson Zone combine un casque et un masque buccal en un seul appareil\",\"datePublished\":\"2022-04-07T07:44:14+00:00\",\"dateModified\":\"2022-04-07T07:50:56+00:00\",\"mainEntityOfPage\":{\"@id\":\"https:\\\/\\\/smarthealth.live\\\/fr\\\/2022\\\/04\\\/07\\\/le-dyson-zone-combine-un-casque-et-un-masque-buccal-en-un-seul-appareil\\\/\"},\"wordCount\":756,\"commentCount\":0,\"publisher\":{\"@id\":\"https:\\\/\\\/smarthealth.live\\\/fr\\\/#organization\"},\"image\":{\"@id\":\"https:\\\/\\\/smarthealth.live\\\/fr\\\/2022\\\/04\\\/07\\\/le-dyson-zone-combine-un-casque-et-un-masque-buccal-en-un-seul-appareil\\\/#primaryimage\"},\"thumbnailUrl\":\"https:\\\/\\\/smarthealth.live\\\/wp-content\\\/uploads\\\/2022\\\/04\\\/Dyson-Zone-wearable.jpg\",\"keywords\":[\"air\",\"bruit\",\"COVID-19\",\"digital therapeutics\",\"Dyson\",\"Dyson Zone\",\"e-sant\u00e9\",\"innovation\",\"soins \u00e0 distance\",\"soins num\u00e9riques\"],\"articleSection\":[\"portables\"],\"inLanguage\":\"fr-FR\",\"potentialAction\":[{\"@type\":\"CommentAction\",\"name\":\"Comment\",\"target\":[\"https:\\\/\\\/smarthealth.live\\\/fr\\\/2022\\\/04\\\/07\\\/le-dyson-zone-combine-un-casque-et-un-masque-buccal-en-un-seul-appareil\\\/#respond\"]}]},{\"@type\":\"WebPage\",\"@id\":\"https:\\\/\\\/smarthealth.live\\\/fr\\\/2022\\\/04\\\/07\\\/le-dyson-zone-combine-un-casque-et-un-masque-buccal-en-un-seul-appareil\\\/\",\"url\":\"https:\\\/\\\/smarthealth.live\\\/fr\\\/2022\\\/04\\\/07\\\/le-dyson-zone-combine-un-casque-et-un-masque-buccal-en-un-seul-appareil\\\/\",\"name\":\"Le Dyson Zone combine un casque et un masque buccal en un seul appareil - Smarthealth\",\"isPartOf\":{\"@id\":\"https:\\\/\\\/smarthealth.live\\\/fr\\\/#website\"},\"primaryImageOfPage\":{\"@id\":\"https:\\\/\\\/smarthealth.live\\\/fr\\\/2022\\\/04\\\/07\\\/le-dyson-zone-combine-un-casque-et-un-masque-buccal-en-un-seul-appareil\\\/#primaryimage\"},\"image\":{\"@id\":\"https:\\\/\\\/smarthealth.live\\\/fr\\\/2022\\\/04\\\/07\\\/le-dyson-zone-combine-un-casque-et-un-masque-buccal-en-un-seul-appareil\\\/#primaryimage\"},\"thumbnailUrl\":\"https:\\\/\\\/smarthealth.live\\\/wp-content\\\/uploads\\\/2022\\\/04\\\/Dyson-Zone-wearable.jpg\",\"datePublished\":\"2022-04-07T07:44:14+00:00\",\"dateModified\":\"2022-04-07T07:50:56+00:00\",\"description\":\"Le Dyson Zone sera disponible dans les magasins cet automne et offre une protection contre le bruit et la pollution atmosph\u00e9rique.\",\"breadcrumb\":{\"@id\":\"https:\\\/\\\/smarthealth.live\\\/fr\\\/2022\\\/04\\\/07\\\/le-dyson-zone-combine-un-casque-et-un-masque-buccal-en-un-seul-appareil\\\/#breadcrumb\"},\"inLanguage\":\"fr-FR\",\"potentialAction\":[{\"@type\":\"ReadAction\",\"target\":[\"https:\\\/\\\/smarthealth.live\\\/fr\\\/2022\\\/04\\\/07\\\/le-dyson-zone-combine-un-casque-et-un-masque-buccal-en-un-seul-appareil\\\/\"]}]},{\"@type\":\"ImageObject\",\"inLanguage\":\"fr-FR\",\"@id\":\"https:\\\/\\\/smarthealth.live\\\/fr\\\/2022\\\/04\\\/07\\\/le-dyson-zone-combine-un-casque-et-un-masque-buccal-en-un-seul-appareil\\\/#primaryimage\",\"url\":\"https:\\\/\\\/smarthealth.live\\\/wp-content\\\/uploads\\\/2022\\\/04\\\/Dyson-Zone-wearable.jpg\",\"contentUrl\":\"https:\\\/\\\/smarthealth.live\\\/wp-content\\\/uploads\\\/2022\\\/04\\\/Dyson-Zone-wearable.jpg\",\"width\":1024,\"height\":576,\"caption\":\"Dyson Zone\"},{\"@type\":\"BreadcrumbList\",\"@id\":\"https:\\\/\\\/smarthealth.live\\\/fr\\\/2022\\\/04\\\/07\\\/le-dyson-zone-combine-un-casque-et-un-masque-buccal-en-un-seul-appareil\\\/#breadcrumb\",\"itemListElement\":[{\"@type\":\"ListItem\",\"position\":1,\"name\":\"Home\",\"item\":\"https:\\\/\\\/smarthealth.live\\\/fr\\\/\"},{\"@type\":\"ListItem\",\"position\":2,\"name\":\"Le Dyson Zone combine un casque et un masque buccal en un seul appareil\"}]},{\"@type\":\"WebSite\",\"@id\":\"https:\\\/\\\/smarthealth.live\\\/fr\\\/#website\",\"url\":\"https:\\\/\\\/smarthealth.live\\\/fr\\\/\",\"name\":\"Smarthealth\",\"description\":\"Het kennisplatform voor digital health\",\"publisher\":{\"@id\":\"https:\\\/\\\/smarthealth.live\\\/fr\\\/#organization\"},\"potentialAction\":[{\"@type\":\"SearchAction\",\"target\":{\"@type\":\"EntryPoint\",\"urlTemplate\":\"https:\\\/\\\/smarthealth.live\\\/fr\\\/?s={search_term_string}\"},\"query-input\":{\"@type\":\"PropertyValueSpecification\",\"valueRequired\":true,\"valueName\":\"search_term_string\"}}],\"inLanguage\":\"fr-FR\"},{\"@type\":\"Organization\",\"@id\":\"https:\\\/\\\/smarthealth.live\\\/fr\\\/#organization\",\"name\":\"SmartHealth\",\"url\":\"https:\\\/\\\/smarthealth.live\\\/fr\\\/\",\"logo\":{\"@type\":\"ImageObject\",\"inLanguage\":\"fr-FR\",\"@id\":\"https:\\\/\\\/smarthealth.live\\\/fr\\\/#\\\/schema\\\/logo\\\/image\\\/\",\"url\":\"https:\\\/\\\/smarthealth.live\\\/wp-content\\\/uploads\\\/2013\\\/07\\\/logofutura400PIXBREED.png\",\"contentUrl\":\"https:\\\/\\\/smarthealth.live\\\/wp-content\\\/uploads\\\/2013\\\/07\\\/logofutura400PIXBREED.png\",\"width\":400,\"height\":96,\"caption\":\"SmartHealth\"},\"image\":{\"@id\":\"https:\\\/\\\/smarthealth.live\\\/fr\\\/#\\\/schema\\\/logo\\\/image\\\/\"},\"sameAs\":[\"https:\\\/\\\/www.facebook.com\\\/smarthealthnl\\\/\",\"https:\\\/\\\/x.com\\\/SmartHealthNL\"]},{\"@type\":\"Person\",\"@id\":\"https:\\\/\\\/smarthealth.live\\\/fr\\\/#\\\/schema\\\/person\\\/0e4910a90a4d77ab7745f11e961ebf6b\",\"name\":\"Sebas Eikholt\",\"description\":\"Sebas werkt als redacteur bij SmartHealth. Hij heeft in 2012 de master Media Studies afgerond aan de Erasmus Universiteit Rotterdam. Hij is daarna o.a. werkzaam geweest bij Apple in Madrid, als freelance journalist en als redacteur bij het gezondheidsplatform Patient Empowerment.\",\"url\":\"https:\\\/\\\/smarthealth.live\\\/fr\\\/author\\\/sebas-eikholt\\\/\"}]}<\/script>\n<!-- \/ Yoast SEO Premium plugin. -->","yoast_head_json":{"title":"Le Dyson Zone combine un casque et un masque buccal en un seul appareil - Smarthealth","description":"Le Dyson Zone sera disponible dans les magasins cet automne et offre une protection contre le bruit et la pollution atmosph\u00e9rique.","robots":{"index":"index","follow":"follow","max-snippet":"max-snippet:-1","max-image-preview":"max-image-preview:large","max-video-preview":"max-video-preview:-1"},"canonical":"https:\/\/smarthealth.live\/fr\/2022\/04\/07\/le-dyson-zone-combine-un-casque-et-un-masque-buccal-en-un-seul-appareil\/","og_locale":"fr_FR","og_type":"article","og_title":"Le Dyson Zone combine un casque et un masque buccal en un seul appareil","og_description":"Le Dyson Zone sera disponible dans les magasins cet automne et offre une protection contre le bruit et la pollution atmosph\u00e9rique.","og_url":"https:\/\/smarthealth.live\/fr\/2022\/04\/07\/le-dyson-zone-combine-un-casque-et-un-masque-buccal-en-un-seul-appareil\/","og_site_name":"Smarthealth","article_publisher":"https:\/\/www.facebook.com\/smarthealthnl\/","article_published_time":"2022-04-07T07:44:14+00:00","article_modified_time":"2022-04-07T07:50:56+00:00","og_image":[{"width":1024,"height":576,"url":"https:\/\/smarthealth.live\/wp-content\/uploads\/2022\/04\/Dyson-Zone-wearable.jpg","type":"image\/jpeg"}],"author":"Sebas Eikholt","twitter_card":"summary_large_image","twitter_creator":"@SmartHealthNL","twitter_site":"@SmartHealthNL","twitter_misc":{"\u00c9crit par":"Sebas Eikholt","Dur\u00e9e de lecture estim\u00e9e":"4 minutes"},"schema":{"@context":"https:\/\/schema.org","@graph":[{"@type":"Article","@id":"https:\/\/smarthealth.live\/fr\/2022\/04\/07\/le-dyson-zone-combine-un-casque-et-un-masque-buccal-en-un-seul-appareil\/#article","isPartOf":{"@id":"https:\/\/smarthealth.live\/fr\/2022\/04\/07\/le-dyson-zone-combine-un-casque-et-un-masque-buccal-en-un-seul-appareil\/"},"author":{"name":"Sebas Eikholt","@id":"https:\/\/smarthealth.live\/fr\/#\/schema\/person\/0e4910a90a4d77ab7745f11e961ebf6b"},"headline":"Le Dyson Zone combine un casque et un masque buccal en un seul appareil","datePublished":"2022-04-07T07:44:14+00:00","dateModified":"2022-04-07T07:50:56+00:00","mainEntityOfPage":{"@id":"https:\/\/smarthealth.live\/fr\/2022\/04\/07\/le-dyson-zone-combine-un-casque-et-un-masque-buccal-en-un-seul-appareil\/"},"wordCount":756,"commentCount":0,"publisher":{"@id":"https:\/\/smarthealth.live\/fr\/#organization"},"image":{"@id":"https:\/\/smarthealth.live\/fr\/2022\/04\/07\/le-dyson-zone-combine-un-casque-et-un-masque-buccal-en-un-seul-appareil\/#primaryimage"},"thumbnailUrl":"https:\/\/smarthealth.live\/wp-content\/uploads\/2022\/04\/Dyson-Zone-wearable.jpg","keywords":["air","bruit","COVID-19","digital therapeutics","Dyson","Dyson Zone","e-sant\u00e9","innovation","soins \u00e0 distance","soins num\u00e9riques"],"articleSection":["portables"],"inLanguage":"fr-FR","potentialAction":[{"@type":"CommentAction","name":"Comment","target":["https:\/\/smarthealth.live\/fr\/2022\/04\/07\/le-dyson-zone-combine-un-casque-et-un-masque-buccal-en-un-seul-appareil\/#respond"]}]},{"@type":"WebPage","@id":"https:\/\/smarthealth.live\/fr\/2022\/04\/07\/le-dyson-zone-combine-un-casque-et-un-masque-buccal-en-un-seul-appareil\/","url":"https:\/\/smarthealth.live\/fr\/2022\/04\/07\/le-dyson-zone-combine-un-casque-et-un-masque-buccal-en-un-seul-appareil\/","name":"Le Dyson Zone combine un casque et un masque buccal en un seul appareil - Smarthealth","isPartOf":{"@id":"https:\/\/smarthealth.live\/fr\/#website"},"primaryImageOfPage":{"@id":"https:\/\/smarthealth.live\/fr\/2022\/04\/07\/le-dyson-zone-combine-un-casque-et-un-masque-buccal-en-un-seul-appareil\/#primaryimage"},"image":{"@id":"https:\/\/smarthealth.live\/fr\/2022\/04\/07\/le-dyson-zone-combine-un-casque-et-un-masque-buccal-en-un-seul-appareil\/#primaryimage"},"thumbnailUrl":"https:\/\/smarthealth.live\/wp-content\/uploads\/2022\/04\/Dyson-Zone-wearable.jpg","datePublished":"2022-04-07T07:44:14+00:00","dateModified":"2022-04-07T07:50:56+00:00","description":"Le Dyson Zone sera disponible dans les magasins cet automne et offre une protection contre le bruit et la pollution atmosph\u00e9rique.","breadcrumb":{"@id":"https:\/\/smarthealth.live\/fr\/2022\/04\/07\/le-dyson-zone-combine-un-casque-et-un-masque-buccal-en-un-seul-appareil\/#breadcrumb"},"inLanguage":"fr-FR","potentialAction":[{"@type":"ReadAction","target":["https:\/\/smarthealth.live\/fr\/2022\/04\/07\/le-dyson-zone-combine-un-casque-et-un-masque-buccal-en-un-seul-appareil\/"]}]},{"@type":"ImageObject","inLanguage":"fr-FR","@id":"https:\/\/smarthealth.live\/fr\/2022\/04\/07\/le-dyson-zone-combine-un-casque-et-un-masque-buccal-en-un-seul-appareil\/#primaryimage","url":"https:\/\/smarthealth.live\/wp-content\/uploads\/2022\/04\/Dyson-Zone-wearable.jpg","contentUrl":"https:\/\/smarthealth.live\/wp-content\/uploads\/2022\/04\/Dyson-Zone-wearable.jpg","width":1024,"height":576,"caption":"Dyson Zone"},{"@type":"BreadcrumbList","@id":"https:\/\/smarthealth.live\/fr\/2022\/04\/07\/le-dyson-zone-combine-un-casque-et-un-masque-buccal-en-un-seul-appareil\/#breadcrumb","itemListElement":[{"@type":"ListItem","position":1,"name":"Home","item":"https:\/\/smarthealth.live\/fr\/"},{"@type":"ListItem","position":2,"name":"Le Dyson Zone combine un casque et un masque buccal en un seul appareil"}]},{"@type":"WebSite","@id":"https:\/\/smarthealth.live\/fr\/#website","url":"https:\/\/smarthealth.live\/fr\/","name":"Smarthealth","description":"Het kennisplatform voor digital health","publisher":{"@id":"https:\/\/smarthealth.live\/fr\/#organization"},"potentialAction":[{"@type":"SearchAction","target":{"@type":"EntryPoint","urlTemplate":"https:\/\/smarthealth.live\/fr\/?s={search_term_string}"},"query-input":{"@type":"PropertyValueSpecification","valueRequired":true,"valueName":"search_term_string"}}],"inLanguage":"fr-FR"},{"@type":"Organization","@id":"https:\/\/smarthealth.live\/fr\/#organization","name":"SmartHealth","url":"https:\/\/smarthealth.live\/fr\/","logo":{"@type":"ImageObject","inLanguage":"fr-FR","@id":"https:\/\/smarthealth.live\/fr\/#\/schema\/logo\/image\/","url":"https:\/\/smarthealth.live\/wp-content\/uploads\/2013\/07\/logofutura400PIXBREED.png","contentUrl":"https:\/\/smarthealth.live\/wp-content\/uploads\/2013\/07\/logofutura400PIXBREED.png","width":400,"height":96,"caption":"SmartHealth"},"image":{"@id":"https:\/\/smarthealth.live\/fr\/#\/schema\/logo\/image\/"},"sameAs":["https:\/\/www.facebook.com\/smarthealthnl\/","https:\/\/x.com\/SmartHealthNL"]},{"@type":"Person","@id":"https:\/\/smarthealth.live\/fr\/#\/schema\/person\/0e4910a90a4d77ab7745f11e961ebf6b","name":"Sebas Eikholt","description":"Sebas werkt als redacteur bij SmartHealth. Hij heeft in 2012 de master Media Studies afgerond aan de Erasmus Universiteit Rotterdam. Hij is daarna o.a. werkzaam geweest bij Apple in Madrid, als freelance journalist en als redacteur bij het gezondheidsplatform Patient Empowerment.","url":"https:\/\/smarthealth.live\/fr\/author\/sebas-eikholt\/"}]}},"_links":{"self":[{"href":"https:\/\/smarthealth.live\/fr\/wp-json\/wp\/v2\/posts\/55949","targetHints":{"allow":["GET"]}}],"collection":[{"href":"https:\/\/smarthealth.live\/fr\/wp-json\/wp\/v2\/posts"}],"about":[{"href":"https:\/\/smarthealth.live\/fr\/wp-json\/wp\/v2\/types\/post"}],"author":[{"embeddable":true,"href":"https:\/\/smarthealth.live\/fr\/wp-json\/wp\/v2\/users\/42"}],"replies":[{"embeddable":true,"href":"https:\/\/smarthealth.live\/fr\/wp-json\/wp\/v2\/comments?post=55949"}],"version-history":[{"count":2,"href":"https:\/\/smarthealth.live\/fr\/wp-json\/wp\/v2\/posts\/55949\/revisions"}],"predecessor-version":[{"id":55954,"href":"https:\/\/smarthealth.live\/fr\/wp-json\/wp\/v2\/posts\/55949\/revisions\/55954"}],"wp:featuredmedia":[{"embeddable":true,"href":"https:\/\/smarthealth.live\/fr\/wp-json\/wp\/v2\/media\/55902"}],"wp:attachment":[{"href":"https:\/\/smarthealth.live\/fr\/wp-json\/wp\/v2\/media?parent=55949"}],"wp:term":[{"taxonomy":"category","embeddable":true,"href":"https:\/\/smarthealth.live\/fr\/wp-json\/wp\/v2\/categories?post=55949"},{"taxonomy":"post_tag","embeddable":true,"href":"https:\/\/smarthealth.live\/fr\/wp-json\/wp\/v2\/tags?post=55949"}],"curies":[{"name":"wp","href":"https:\/\/api.w.org\/{rel}","templated":true}]}}