{"id":55895,"date":"2022-04-06T09:16:31","date_gmt":"2022-04-06T07:16:31","guid":{"rendered":"https:\/\/smarthealth.live\/?p=55895"},"modified":"2022-04-06T09:24:24","modified_gmt":"2022-04-06T07:24:24","slug":"lancement-du-projet-teckno2030-in-action","status":"publish","type":"post","link":"https:\/\/smarthealth.live\/fr\/2022\/04\/06\/lancement-du-projet-teckno2030-in-action\/","title":{"rendered":"Lancement du projet Teckno2030 in Action"},"content":{"rendered":"\n<p class=\"wp-block-paragraph\"><strong>Teckno2030 in Action vient d\u2019\u00eatre lanc\u00e9 ce mois-ci. Ce projet belge d'une dur\u00e9e d'un an est n\u00e9 d\u2019une initiative du cabinet de conseil wallon Yuza. Ce dernier est sp\u00e9cialis\u00e9 dans les innovations pour les soins de sant\u00e9. Financ\u00e9 par les Fonds Dr Daniel De Coninck et la Fondation Roi Baudouin, onze partenaires de Wallonie, de Bruxelles et de Flandre sont impliqu\u00e9s. Teckno2030 in Action souhaite particuli\u00e8rement soutenir le d\u00e9veloppement des technologies de soins.<\/strong><\/p>\n\n\n\n<p class=\"wp-block-paragraph\">Lara Vigneron, fondatrice de Yuza explique l\u2019objectif de Teckno2030 in Action. \u00ab <em>Nous souhaitons r\u00e9unir des patients, des professionnels de la sant\u00e9 et des d\u00e9veloppeurs de technologies de tout le pays dans le cadre de treize sessions ouvertes de cocr\u00e9ation. Nous voulons r\u00e9aliser 8 principes d'efficacit\u00e9 qui soutiennent le d\u00e9veloppement de la technologie, les patients qui servent les citoyens et la soci\u00e9t\u00e9. <\/em>\u00bb<\/p>\n\n\n\n<h3 class=\"wp-block-heading\" id=\"h-8-principes-d-efficacite\">8 principes d'efficacit\u00e9<\/h3>\n\n\n\n<p class=\"wp-block-paragraph\">Teckno2030 in Action construit un r\u00e9seau d'apprentissage bas\u00e9 sur 8 principes d'efficacit\u00e9. Ceux-ci constituent une base directrice. Lara Vigneron explique qu\u2019ils ont \u00e9t\u00e9 \u00e9tablis en prenant compte des param\u00e8tres d\u00e9j\u00e0 mis en place qui fonctionnent. \u00ab <em>Nous ne voulons \u00e9videmment pas r\u00e9inventer ce qui existe d\u00e9j\u00e0 et tout sera bien s\u00fbr librement accessible.<\/em> \u00bb<\/p>\n\n\n\n<p class=\"wp-block-paragraph\">Les principes d'efficacit\u00e9 sont les suivants :<\/p>\n\n\n\n<ul class=\"wp-block-list\"><li>Besoins et autonomie des citoyens<\/li><li>Ouverture et int\u00e9gration des technologies<\/li><li>Des informations transparentes et claires<\/li><li>Propri\u00e9t\u00e9 et s\u00e9curit\u00e9 des donn\u00e9es<\/li><li>\u00c9ducation et inclusion des citoyens<\/li><li>Participation et gouvernance partag\u00e9e<\/li><li>\u00c9valuation de la qualit\u00e9 et de la coh\u00e9rence du syst\u00e8me<\/li><li>Coh\u00e9rence avec le cadre politique et social<\/li><\/ul>\n\n\n\n<h3 class=\"wp-block-heading\" id=\"h-questions-cles\">Questions cl\u00e9s<\/h3>\n\n\n\n<p class=\"wp-block-paragraph\">Des citoyens, des professionnels de la sant\u00e9 et des d\u00e9veloppeurs de technologies partageront leurs connaissances et leurs exp\u00e9riences afin de clarifier les d\u00e9fis du parcours de soins. Une bo\u00eete \u00e0 outils sera \u00e9labor\u00e9e au cours de l'ann\u00e9e \u00e0 venir pour r\u00e9pondre aux questions cl\u00e9s. Du point de vue du citoyen, le point central consistera \u00e0 d\u00e9terminer \u00ab <em>Quelles sont les solutions technologiques qui les aideront \u00e0 atteindre leur objectif sant\u00e9 ?<\/em> \u00bb Le point de vue du professionnel des soins est compl\u00e9mentaire : \u00ab <em>Quelles solutions technologiques m'aident \u00e0 suivre les patients dont je m'occupe et mes t\u00e2ches quotidiennes ?<\/em> \u00bb.<\/p>\n\n\n\n<p class=\"wp-block-paragraph\">Enfin, la bo\u00eete \u00e0 outils aidera \u00e0 r\u00e9pondre \u00e0 la question centrale du d\u00e9veloppeur de technologies : \u00ab <em>Quelle solution technologique dois-je d\u00e9velopper pour aider au mieux les patients et les professionnels de la sant\u00e9 en tenant compte de leur contexte<\/em> ? \u00bb<\/p>\n\n\n\n<h3 class=\"wp-block-heading\" id=\"h-partage-des-donnees-de-sante\">Partage des donn\u00e9es de sant\u00e9<\/h3>\n\n\n\n<p class=\"wp-block-paragraph\">Les quatre premi\u00e8res r\u00e9unions de Teckno2030 in Action se d\u00e9rouleront jusqu'en juin de cette ann\u00e9e. Elles ont commenc\u00e9 le 2 avril. Tout s\u2019est d\u00e9roul\u00e9 en ligne. La discussion principale concernait l'implication et les besoins des patients autour des nouvelles technologies de soins. Des intervenants du Canada ont partag\u00e9 leurs exp\u00e9riences.<\/p>\n\n\n\n<p class=\"wp-block-paragraph\">La prochaine session aura lieu en juin. An Jacobs parlera des solutions d'IA. Elle est professeur\/responsable du programme \u00ab Data &amp; Society \u00bb au sein du groupe de recherche imec-SMIT \u00e0 la VUBrussel. Lara Vigneron se r\u00e9jouit de ce futur \u00e9change. \u00ab <em>Nous connaissons l'importance de la gestion des donn\u00e9es dans les soins de sant\u00e9. Il est essentiel d\u2019en comprendre tous les points afin d'accro\u00eetre la confiance des utilisateurs et des professionnels pour que les technologies soient mieux accept\u00e9es. Nous avons le plaisir d'accueillir An Jacobs. Elle est sp\u00e9cialis\u00e9e dans l'intelligence artificielle. Pour mieux mettre en \u0153uvre l'IA, nous devons passer par cette \u00e9tape d\u2019apprentissage. <\/em>\u00bb<\/p>\n\n\n\n<h3 class=\"wp-block-heading\" id=\"h-partenaires-teckno2030-in-action\">Partenaires Teckno2030 in Action<\/h3>\n\n\n\n<p class=\"wp-block-paragraph\">Les dix partenaires qui participent \u00e0<a href=\"https:\/\/www.yuza.be\/post\/teckno2030-in-action-programme\" target=\"_blank\" rel=\"noreferrer noopener\"> Teckno2030 in Action<\/a> aux c\u00f4t\u00e9s de Yuza sont la Vlaams Pati\u00ebntenplatform, LUSS (f\u00e9d\u00e9ration francophone d'associations de patients), Academie Voor De Eerste Lijn (organisation en r\u00e9seau), Vivel (Institut flamand des soins primaires), BruSano (organisation de soutien aux soins primaires), PPLW (plate-forme wallonne pour les soins primaires), Flandre. healthTech (partenariat pour les soins num\u00e9riques), LifeTech.Brussels (r\u00e9seau d'innovateurs en mati\u00e8re de sant\u00e9 en ligne), InfoPole (cabinet de conseil) et LiCaLab (terrain d'essai pour les soins).<\/p>\n\n\n\n<h3 class=\"wp-block-heading\" id=\"h-yuza\">Yuza<\/h3>\n\n\n\n<p class=\"wp-block-paragraph\">La soci\u00e9t\u00e9 li\u00e9geoise Yuza a \u00e9t\u00e9 fond\u00e9e l'ann\u00e9e derni\u00e8re par Lara Vigneron. L'entreprise se concentre sur l'innovation, la sant\u00e9 et les m\u00e9thodes participatives. Leur objectif est de mettre en \u0153uvre des approches d'innovation ouvertes, centr\u00e9es sur l'utilisateur et collaboratives afin de soutenir le d\u00e9veloppement d'innovations dans le domaine de la sant\u00e9.<\/p>\n\n\n\n<p class=\"wp-block-paragraph\">Lara Vigneron poss\u00e8de des ann\u00e9es d'exp\u00e9rience dans les secteurs public et priv\u00e9 de l'industrie des soins de sant\u00e9. Il y a sept ans, elle a \u00e9t\u00e9 la cofondatrice du Wallonia e-health Living Lab (WeLL). Elle a ainsi travaill\u00e9 sur des dizaines de projets d'innovation technologique. Elle anime aussi r\u00e9guli\u00e8rement des ateliers aupr\u00e8s des personnels de sant\u00e9 des patients pour mieux cerner les structures de soins, les besoins et les probl\u00e8mes.<\/p>\n\n\n\n<p class=\"wp-block-paragraph\"><\/p>\n\n\n\n<p class=\"wp-block-paragraph\"><\/p>\n","protected":false},"excerpt":{"rendered":"<p>Le projet dure un an et se concentre sur le d\u00e9ploiement des technologies de soins. Des partenaires francophones et n\u00e9erlandophones sont impliqu\u00e9s.<\/p>\n","protected":false},"author":42,"featured_media":55880,"comment_status":"open","ping_status":"open","sticky":false,"template":"","format":"standard","meta":{"_acf_changed":false,"footnotes":""},"categories":[4660],"tags":[4708,5507,4836,4826,4878,4880,5849,5850],"class_list":["post-55895","post","type-post","status-publish","format-standard","has-post-thumbnail","hentry","category-technologie-fr","tag-application","tag-digital-therapeutics-2","tag-e-sante","tag-innovation","tag-soins-a-distance","tag-soins-numeriques","tag-teckno2030","tag-yuza"],"acf":[],"yoast_head":"<!-- This site is optimized with the Yoast SEO Premium plugin v20.8 (Yoast SEO v28.2) - https:\/\/yoast.com\/product\/yoast-seo-premium-wordpress\/ -->\n<title>Lancement du projet Teckno2030 in Action - Smarthealth<\/title>\n<meta name=\"description\" content=\"Teckno2030 in Action dure un an et se concentre sur le d\u00e9ploiement des technologies de soins.\" \/>\n<meta name=\"robots\" content=\"index, follow, max-snippet:-1, max-image-preview:large, max-video-preview:-1\" \/>\n<link rel=\"canonical\" href=\"https:\/\/smarthealth.live\/fr\/2022\/04\/06\/lancement-du-projet-teckno2030-in-action\/\" \/>\n<meta property=\"og:locale\" content=\"fr_FR\" \/>\n<meta property=\"og:type\" content=\"article\" \/>\n<meta property=\"og:title\" content=\"Lancement du projet Teckno2030 in Action\" \/>\n<meta property=\"og:description\" content=\"Teckno2030 in Action dure un an et se concentre sur le d\u00e9ploiement des technologies de soins.\" \/>\n<meta property=\"og:url\" content=\"https:\/\/smarthealth.live\/fr\/2022\/04\/06\/lancement-du-projet-teckno2030-in-action\/\" \/>\n<meta property=\"og:site_name\" content=\"Smarthealth\" \/>\n<meta property=\"article:publisher\" content=\"https:\/\/www.facebook.com\/smarthealthnl\/\" \/>\n<meta property=\"article:published_time\" content=\"2022-04-06T07:16:31+00:00\" \/>\n<meta property=\"article:modified_time\" content=\"2022-04-06T07:24:24+00:00\" \/>\n<meta property=\"og:image\" content=\"https:\/\/smarthealth.live\/wp-content\/uploads\/2022\/04\/Auditorium.jpg\" \/>\n\t<meta property=\"og:image:width\" content=\"2000\" \/>\n\t<meta property=\"og:image:height\" content=\"1125\" \/>\n\t<meta property=\"og:image:type\" content=\"image\/jpeg\" \/>\n<meta name=\"author\" content=\"Sebas Eikholt\" \/>\n<meta name=\"twitter:card\" content=\"summary_large_image\" \/>\n<meta name=\"twitter:creator\" content=\"@SmartHealthNL\" \/>\n<meta name=\"twitter:site\" content=\"@SmartHealthNL\" \/>\n<meta name=\"twitter:label1\" content=\"\u00c9crit par\" \/>\n\t<meta name=\"twitter:data1\" content=\"Sebas Eikholt\" \/>\n\t<meta name=\"twitter:label2\" content=\"Dur\u00e9e de lecture estim\u00e9e\" \/>\n\t<meta name=\"twitter:data2\" content=\"4 minutes\" \/>\n<script type=\"application\/ld+json\" class=\"yoast-schema-graph\">{\"@context\":\"https:\\\/\\\/schema.org\",\"@graph\":[{\"@type\":\"Article\",\"@id\":\"https:\\\/\\\/smarthealth.live\\\/fr\\\/2022\\\/04\\\/06\\\/lancement-du-projet-teckno2030-in-action\\\/#article\",\"isPartOf\":{\"@id\":\"https:\\\/\\\/smarthealth.live\\\/fr\\\/2022\\\/04\\\/06\\\/lancement-du-projet-teckno2030-in-action\\\/\"},\"author\":{\"name\":\"Sebas Eikholt\",\"@id\":\"https:\\\/\\\/smarthealth.live\\\/fr\\\/#\\\/schema\\\/person\\\/0e4910a90a4d77ab7745f11e961ebf6b\"},\"headline\":\"Lancement du projet Teckno2030 in Action\",\"datePublished\":\"2022-04-06T07:16:31+00:00\",\"dateModified\":\"2022-04-06T07:24:24+00:00\",\"mainEntityOfPage\":{\"@id\":\"https:\\\/\\\/smarthealth.live\\\/fr\\\/2022\\\/04\\\/06\\\/lancement-du-projet-teckno2030-in-action\\\/\"},\"wordCount\":846,\"commentCount\":0,\"publisher\":{\"@id\":\"https:\\\/\\\/smarthealth.live\\\/fr\\\/#organization\"},\"image\":{\"@id\":\"https:\\\/\\\/smarthealth.live\\\/fr\\\/2022\\\/04\\\/06\\\/lancement-du-projet-teckno2030-in-action\\\/#primaryimage\"},\"thumbnailUrl\":\"https:\\\/\\\/smarthealth.live\\\/wp-content\\\/uploads\\\/2022\\\/04\\\/Auditorium.jpg\",\"keywords\":[\"application\",\"digital therapeutics\",\"e-sant\u00e9\",\"innovation\",\"soins \u00e0 distance\",\"soins num\u00e9riques\",\"teckno2030\",\"Yuza\"],\"articleSection\":[\"technologie\"],\"inLanguage\":\"fr-FR\",\"potentialAction\":[{\"@type\":\"CommentAction\",\"name\":\"Comment\",\"target\":[\"https:\\\/\\\/smarthealth.live\\\/fr\\\/2022\\\/04\\\/06\\\/lancement-du-projet-teckno2030-in-action\\\/#respond\"]}]},{\"@type\":\"WebPage\",\"@id\":\"https:\\\/\\\/smarthealth.live\\\/fr\\\/2022\\\/04\\\/06\\\/lancement-du-projet-teckno2030-in-action\\\/\",\"url\":\"https:\\\/\\\/smarthealth.live\\\/fr\\\/2022\\\/04\\\/06\\\/lancement-du-projet-teckno2030-in-action\\\/\",\"name\":\"Lancement du projet Teckno2030 in Action - Smarthealth\",\"isPartOf\":{\"@id\":\"https:\\\/\\\/smarthealth.live\\\/fr\\\/#website\"},\"primaryImageOfPage\":{\"@id\":\"https:\\\/\\\/smarthealth.live\\\/fr\\\/2022\\\/04\\\/06\\\/lancement-du-projet-teckno2030-in-action\\\/#primaryimage\"},\"image\":{\"@id\":\"https:\\\/\\\/smarthealth.live\\\/fr\\\/2022\\\/04\\\/06\\\/lancement-du-projet-teckno2030-in-action\\\/#primaryimage\"},\"thumbnailUrl\":\"https:\\\/\\\/smarthealth.live\\\/wp-content\\\/uploads\\\/2022\\\/04\\\/Auditorium.jpg\",\"datePublished\":\"2022-04-06T07:16:31+00:00\",\"dateModified\":\"2022-04-06T07:24:24+00:00\",\"description\":\"Teckno2030 in Action dure un an et se concentre sur le d\u00e9ploiement des technologies de soins.\",\"breadcrumb\":{\"@id\":\"https:\\\/\\\/smarthealth.live\\\/fr\\\/2022\\\/04\\\/06\\\/lancement-du-projet-teckno2030-in-action\\\/#breadcrumb\"},\"inLanguage\":\"fr-FR\",\"potentialAction\":[{\"@type\":\"ReadAction\",\"target\":[\"https:\\\/\\\/smarthealth.live\\\/fr\\\/2022\\\/04\\\/06\\\/lancement-du-projet-teckno2030-in-action\\\/\"]}]},{\"@type\":\"ImageObject\",\"inLanguage\":\"fr-FR\",\"@id\":\"https:\\\/\\\/smarthealth.live\\\/fr\\\/2022\\\/04\\\/06\\\/lancement-du-projet-teckno2030-in-action\\\/#primaryimage\",\"url\":\"https:\\\/\\\/smarthealth.live\\\/wp-content\\\/uploads\\\/2022\\\/04\\\/Auditorium.jpg\",\"contentUrl\":\"https:\\\/\\\/smarthealth.live\\\/wp-content\\\/uploads\\\/2022\\\/04\\\/Auditorium.jpg\",\"width\":2000,\"height\":1125,\"caption\":\"auditorium\"},{\"@type\":\"BreadcrumbList\",\"@id\":\"https:\\\/\\\/smarthealth.live\\\/fr\\\/2022\\\/04\\\/06\\\/lancement-du-projet-teckno2030-in-action\\\/#breadcrumb\",\"itemListElement\":[{\"@type\":\"ListItem\",\"position\":1,\"name\":\"Home\",\"item\":\"https:\\\/\\\/smarthealth.live\\\/fr\\\/\"},{\"@type\":\"ListItem\",\"position\":2,\"name\":\"Lancement du projet Teckno2030 in Action\"}]},{\"@type\":\"WebSite\",\"@id\":\"https:\\\/\\\/smarthealth.live\\\/fr\\\/#website\",\"url\":\"https:\\\/\\\/smarthealth.live\\\/fr\\\/\",\"name\":\"Smarthealth\",\"description\":\"Het kennisplatform voor digital health\",\"publisher\":{\"@id\":\"https:\\\/\\\/smarthealth.live\\\/fr\\\/#organization\"},\"potentialAction\":[{\"@type\":\"SearchAction\",\"target\":{\"@type\":\"EntryPoint\",\"urlTemplate\":\"https:\\\/\\\/smarthealth.live\\\/fr\\\/?s={search_term_string}\"},\"query-input\":{\"@type\":\"PropertyValueSpecification\",\"valueRequired\":true,\"valueName\":\"search_term_string\"}}],\"inLanguage\":\"fr-FR\"},{\"@type\":\"Organization\",\"@id\":\"https:\\\/\\\/smarthealth.live\\\/fr\\\/#organization\",\"name\":\"SmartHealth\",\"url\":\"https:\\\/\\\/smarthealth.live\\\/fr\\\/\",\"logo\":{\"@type\":\"ImageObject\",\"inLanguage\":\"fr-FR\",\"@id\":\"https:\\\/\\\/smarthealth.live\\\/fr\\\/#\\\/schema\\\/logo\\\/image\\\/\",\"url\":\"https:\\\/\\\/smarthealth.live\\\/wp-content\\\/uploads\\\/2013\\\/07\\\/logofutura400PIXBREED.png\",\"contentUrl\":\"https:\\\/\\\/smarthealth.live\\\/wp-content\\\/uploads\\\/2013\\\/07\\\/logofutura400PIXBREED.png\",\"width\":400,\"height\":96,\"caption\":\"SmartHealth\"},\"image\":{\"@id\":\"https:\\\/\\\/smarthealth.live\\\/fr\\\/#\\\/schema\\\/logo\\\/image\\\/\"},\"sameAs\":[\"https:\\\/\\\/www.facebook.com\\\/smarthealthnl\\\/\",\"https:\\\/\\\/x.com\\\/SmartHealthNL\"]},{\"@type\":\"Person\",\"@id\":\"https:\\\/\\\/smarthealth.live\\\/fr\\\/#\\\/schema\\\/person\\\/0e4910a90a4d77ab7745f11e961ebf6b\",\"name\":\"Sebas Eikholt\",\"description\":\"Sebas werkt als redacteur bij SmartHealth. Hij heeft in 2012 de master Media Studies afgerond aan de Erasmus Universiteit Rotterdam. Hij is daarna o.a. werkzaam geweest bij Apple in Madrid, als freelance journalist en als redacteur bij het gezondheidsplatform Patient Empowerment.\",\"url\":\"https:\\\/\\\/smarthealth.live\\\/fr\\\/author\\\/sebas-eikholt\\\/\"}]}<\/script>\n<!-- \/ Yoast SEO Premium plugin. -->","yoast_head_json":{"title":"Lancement du projet Teckno2030 in Action - Smarthealth","description":"Teckno2030 in Action dure un an et se concentre sur le d\u00e9ploiement des technologies de soins.","robots":{"index":"index","follow":"follow","max-snippet":"max-snippet:-1","max-image-preview":"max-image-preview:large","max-video-preview":"max-video-preview:-1"},"canonical":"https:\/\/smarthealth.live\/fr\/2022\/04\/06\/lancement-du-projet-teckno2030-in-action\/","og_locale":"fr_FR","og_type":"article","og_title":"Lancement du projet Teckno2030 in Action","og_description":"Teckno2030 in Action dure un an et se concentre sur le d\u00e9ploiement des technologies de soins.","og_url":"https:\/\/smarthealth.live\/fr\/2022\/04\/06\/lancement-du-projet-teckno2030-in-action\/","og_site_name":"Smarthealth","article_publisher":"https:\/\/www.facebook.com\/smarthealthnl\/","article_published_time":"2022-04-06T07:16:31+00:00","article_modified_time":"2022-04-06T07:24:24+00:00","og_image":[{"width":2000,"height":1125,"url":"https:\/\/smarthealth.live\/wp-content\/uploads\/2022\/04\/Auditorium.jpg","type":"image\/jpeg"}],"author":"Sebas Eikholt","twitter_card":"summary_large_image","twitter_creator":"@SmartHealthNL","twitter_site":"@SmartHealthNL","twitter_misc":{"\u00c9crit par":"Sebas Eikholt","Dur\u00e9e de lecture estim\u00e9e":"4 minutes"},"schema":{"@context":"https:\/\/schema.org","@graph":[{"@type":"Article","@id":"https:\/\/smarthealth.live\/fr\/2022\/04\/06\/lancement-du-projet-teckno2030-in-action\/#article","isPartOf":{"@id":"https:\/\/smarthealth.live\/fr\/2022\/04\/06\/lancement-du-projet-teckno2030-in-action\/"},"author":{"name":"Sebas Eikholt","@id":"https:\/\/smarthealth.live\/fr\/#\/schema\/person\/0e4910a90a4d77ab7745f11e961ebf6b"},"headline":"Lancement du projet Teckno2030 in Action","datePublished":"2022-04-06T07:16:31+00:00","dateModified":"2022-04-06T07:24:24+00:00","mainEntityOfPage":{"@id":"https:\/\/smarthealth.live\/fr\/2022\/04\/06\/lancement-du-projet-teckno2030-in-action\/"},"wordCount":846,"commentCount":0,"publisher":{"@id":"https:\/\/smarthealth.live\/fr\/#organization"},"image":{"@id":"https:\/\/smarthealth.live\/fr\/2022\/04\/06\/lancement-du-projet-teckno2030-in-action\/#primaryimage"},"thumbnailUrl":"https:\/\/smarthealth.live\/wp-content\/uploads\/2022\/04\/Auditorium.jpg","keywords":["application","digital therapeutics","e-sant\u00e9","innovation","soins \u00e0 distance","soins num\u00e9riques","teckno2030","Yuza"],"articleSection":["technologie"],"inLanguage":"fr-FR","potentialAction":[{"@type":"CommentAction","name":"Comment","target":["https:\/\/smarthealth.live\/fr\/2022\/04\/06\/lancement-du-projet-teckno2030-in-action\/#respond"]}]},{"@type":"WebPage","@id":"https:\/\/smarthealth.live\/fr\/2022\/04\/06\/lancement-du-projet-teckno2030-in-action\/","url":"https:\/\/smarthealth.live\/fr\/2022\/04\/06\/lancement-du-projet-teckno2030-in-action\/","name":"Lancement du projet Teckno2030 in Action - Smarthealth","isPartOf":{"@id":"https:\/\/smarthealth.live\/fr\/#website"},"primaryImageOfPage":{"@id":"https:\/\/smarthealth.live\/fr\/2022\/04\/06\/lancement-du-projet-teckno2030-in-action\/#primaryimage"},"image":{"@id":"https:\/\/smarthealth.live\/fr\/2022\/04\/06\/lancement-du-projet-teckno2030-in-action\/#primaryimage"},"thumbnailUrl":"https:\/\/smarthealth.live\/wp-content\/uploads\/2022\/04\/Auditorium.jpg","datePublished":"2022-04-06T07:16:31+00:00","dateModified":"2022-04-06T07:24:24+00:00","description":"Teckno2030 in Action dure un an et se concentre sur le d\u00e9ploiement des technologies de soins.","breadcrumb":{"@id":"https:\/\/smarthealth.live\/fr\/2022\/04\/06\/lancement-du-projet-teckno2030-in-action\/#breadcrumb"},"inLanguage":"fr-FR","potentialAction":[{"@type":"ReadAction","target":["https:\/\/smarthealth.live\/fr\/2022\/04\/06\/lancement-du-projet-teckno2030-in-action\/"]}]},{"@type":"ImageObject","inLanguage":"fr-FR","@id":"https:\/\/smarthealth.live\/fr\/2022\/04\/06\/lancement-du-projet-teckno2030-in-action\/#primaryimage","url":"https:\/\/smarthealth.live\/wp-content\/uploads\/2022\/04\/Auditorium.jpg","contentUrl":"https:\/\/smarthealth.live\/wp-content\/uploads\/2022\/04\/Auditorium.jpg","width":2000,"height":1125,"caption":"auditorium"},{"@type":"BreadcrumbList","@id":"https:\/\/smarthealth.live\/fr\/2022\/04\/06\/lancement-du-projet-teckno2030-in-action\/#breadcrumb","itemListElement":[{"@type":"ListItem","position":1,"name":"Home","item":"https:\/\/smarthealth.live\/fr\/"},{"@type":"ListItem","position":2,"name":"Lancement du projet Teckno2030 in Action"}]},{"@type":"WebSite","@id":"https:\/\/smarthealth.live\/fr\/#website","url":"https:\/\/smarthealth.live\/fr\/","name":"Smarthealth","description":"Het kennisplatform voor digital health","publisher":{"@id":"https:\/\/smarthealth.live\/fr\/#organization"},"potentialAction":[{"@type":"SearchAction","target":{"@type":"EntryPoint","urlTemplate":"https:\/\/smarthealth.live\/fr\/?s={search_term_string}"},"query-input":{"@type":"PropertyValueSpecification","valueRequired":true,"valueName":"search_term_string"}}],"inLanguage":"fr-FR"},{"@type":"Organization","@id":"https:\/\/smarthealth.live\/fr\/#organization","name":"SmartHealth","url":"https:\/\/smarthealth.live\/fr\/","logo":{"@type":"ImageObject","inLanguage":"fr-FR","@id":"https:\/\/smarthealth.live\/fr\/#\/schema\/logo\/image\/","url":"https:\/\/smarthealth.live\/wp-content\/uploads\/2013\/07\/logofutura400PIXBREED.png","contentUrl":"https:\/\/smarthealth.live\/wp-content\/uploads\/2013\/07\/logofutura400PIXBREED.png","width":400,"height":96,"caption":"SmartHealth"},"image":{"@id":"https:\/\/smarthealth.live\/fr\/#\/schema\/logo\/image\/"},"sameAs":["https:\/\/www.facebook.com\/smarthealthnl\/","https:\/\/x.com\/SmartHealthNL"]},{"@type":"Person","@id":"https:\/\/smarthealth.live\/fr\/#\/schema\/person\/0e4910a90a4d77ab7745f11e961ebf6b","name":"Sebas Eikholt","description":"Sebas werkt als redacteur bij SmartHealth. Hij heeft in 2012 de master Media Studies afgerond aan de Erasmus Universiteit Rotterdam. Hij is daarna o.a. werkzaam geweest bij Apple in Madrid, als freelance journalist en als redacteur bij het gezondheidsplatform Patient Empowerment.","url":"https:\/\/smarthealth.live\/fr\/author\/sebas-eikholt\/"}]}},"_links":{"self":[{"href":"https:\/\/smarthealth.live\/fr\/wp-json\/wp\/v2\/posts\/55895","targetHints":{"allow":["GET"]}}],"collection":[{"href":"https:\/\/smarthealth.live\/fr\/wp-json\/wp\/v2\/posts"}],"about":[{"href":"https:\/\/smarthealth.live\/fr\/wp-json\/wp\/v2\/types\/post"}],"author":[{"embeddable":true,"href":"https:\/\/smarthealth.live\/fr\/wp-json\/wp\/v2\/users\/42"}],"replies":[{"embeddable":true,"href":"https:\/\/smarthealth.live\/fr\/wp-json\/wp\/v2\/comments?post=55895"}],"version-history":[{"count":2,"href":"https:\/\/smarthealth.live\/fr\/wp-json\/wp\/v2\/posts\/55895\/revisions"}],"predecessor-version":[{"id":55899,"href":"https:\/\/smarthealth.live\/fr\/wp-json\/wp\/v2\/posts\/55895\/revisions\/55899"}],"wp:featuredmedia":[{"embeddable":true,"href":"https:\/\/smarthealth.live\/fr\/wp-json\/wp\/v2\/media\/55880"}],"wp:attachment":[{"href":"https:\/\/smarthealth.live\/fr\/wp-json\/wp\/v2\/media?parent=55895"}],"wp:term":[{"taxonomy":"category","embeddable":true,"href":"https:\/\/smarthealth.live\/fr\/wp-json\/wp\/v2\/categories?post=55895"},{"taxonomy":"post_tag","embeddable":true,"href":"https:\/\/smarthealth.live\/fr\/wp-json\/wp\/v2\/tags?post=55895"}],"curies":[{"name":"wp","href":"https:\/\/api.w.org\/{rel}","templated":true}]}}