{"id":51741,"date":"2021-10-25T08:04:23","date_gmt":"2021-10-25T06:04:23","guid":{"rendered":"https:\/\/smarthealth.live\/?p=51741"},"modified":"2021-10-25T06:57:00","modified_gmt":"2021-10-25T04:57:00","slug":"51741","status":"publish","type":"post","link":"https:\/\/smarthealth.live\/fr\/2021\/10\/25\/51741\/","title":{"rendered":"COVID-19 : la Belgique mise sur les tests num\u00e9riques"},"content":{"rendered":"<p><strong>Les tests anti-Covid induisent une charge suppl\u00e9mentaire cons\u00e9quente aux m\u00e9decins g\u00e9n\u00e9ralistes. \u00c0 tel point qu'ils peinent \u00e0 garder la t\u00eate hors de l'eau. Pour y rem\u00e9dier, le gouvernement f\u00e9d\u00e9ral belge dirig\u00e9 par le premier ministre Alexander De Croo, a mis au point une strat\u00e9gie de d\u00e9pistage : les tests num\u00e9riques. Ce nouveau syst\u00e8me, en cours de mise au point, sera d\u00e9ploy\u00e9 dans les semaines \u00e0 venir.<\/strong><\/p>\n<p>Le minist\u00e8re belge de la sant\u00e9 vient de donner son feu vert. C\u2019est donc officiel : une nouvelle strat\u00e9gie de d\u00e9pistage du coronavirus va \u00eatre prochainement d\u00e9ploy\u00e9e. Une d\u00e9cision n\u00e9cessaire pour soulager les m\u00e9decins g\u00e9n\u00e9ralistes, mais aussi pour anticiper une nouvelle vague. Surtout avec l\u2019arriv\u00e9e des sympt\u00f4mes grippaux hivernaux.<\/p>\n<p>Ainsi, <a href=\"https:\/\/smarthealth.live\/fr\/2021\/08\/30\/deploiement-de-la-prescription-numerique-en-belgique\/\">un formulaire ou une application<\/a> sera bient\u00f4t mis en ligne. \u00ab <em>Les personnes qui craignent d'\u00eatre infect\u00e9es devront saisir leurs sympt\u00f4mes sur la plateforme. En fonction des r\u00e9ponses, un algorithme d\u00e9terminera si un test est n\u00e9cessaire. Si tel est le cas, un code sera envoy\u00e9 afin de le pr\u00e9senter dans l'un des nombreux centres COVID ou \u00e0 la pharmacie. Et le test s\u2019av\u00e8re positif, les patients devront contacter leur m\u00e9decin traitant pour un suivi ult\u00e9rieur<\/em> \u00bb, explique Jan Eyckmans, porte-parole du ministre de la sant\u00e9 Frank Vandenbroucke (Vooruit).<\/p>\n<h3>Espoir d'am\u00e9lioration<\/h3>\n<p>Le gouvernement esp\u00e8re que la nouvelle strat\u00e9gie de d\u00e9pistage soulagera la charge des m\u00e9decins g\u00e9n\u00e9ralistes. Mais aussi \u00e0 inciter davantage de personnes pr\u00e9sentant des sympt\u00f4mes \u00e0 se faire d\u00e9pister. Selon le Radar des infections des universit\u00e9s de Hasselt et d'Anvers, les patients potentiels se font tester moins souvent. En effet, sur l'ensemble des personnes pr\u00e9sentant des probl\u00e8mes de sant\u00e9, seule une sur cinq consulte son m\u00e9decin g\u00e9n\u00e9raliste.<\/p>\n<p>Ce faible chiffre est principalement d\u00fb \u00e0 la lourdeur administrative d'une consultation pour un d\u00e9pistage. Bien que le gouvernement ait demand\u00e9 depuis des mois que les personnes pr\u00e9sentant des sympt\u00f4mes se fassent tester, il semble que cela ne soit pas souvent fait. \u00c0 la fin du mois dernier, le virologue Steven Van Gucht (Sciensano) a explicitement appel\u00e9 la population \u00e0 faire un test COVID pour les plaintes l\u00e9g\u00e8res de rhume.<\/p>\n<p>C'est pourquoi, les experts appellent \u00e0 la vigilance des personnes qui, malgr\u00e9 leurs sympt\u00f4mes, ne se font pas d\u00e9pister. \u00ab <em>Restez chez vous en cas de doute et limitez vos contacts. Si n\u00e9cessaire, faites un autotest que vous trouverez en pharmacie. Les personnes \u00e0 risque doivent toujours garder en t\u00eate qu'elles peuvent \u00eatre infect\u00e9es par le coronaviru<\/em>s \u00bb, a d\u00e9clar\u00e9 Seven Van Gucht. Il a appel\u00e9 les personnes \u00e0 faire du t\u00e9l\u00e9travail, \u00e0 porter un masque lorsqu'elles sont en groupe et \u00e0 \u00e9viter tout contact avec des personnes vuln\u00e9rables.<\/p>\n","protected":false},"excerpt":{"rendered":"<p>Pour soulager les m\u00e9decins et encourager le d\u00e9pistage, un nouveau dispositif de tests num\u00e9riques est pr\u00e9vu en Belgique.<\/p>\n","protected":false},"author":43,"featured_media":51720,"comment_status":"open","ping_status":"open","sticky":false,"template":"","format":"standard","meta":{"_acf_changed":false,"footnotes":""},"categories":[4661],"tags":[4865,4956,5344,5089,4864,5345,5343],"class_list":["post-51741","post","type-post","status-publish","format-standard","has-post-thumbnail","hentry","category-telesante","tag-coronavirus-fr","tag-covid-19-fr","tag-de-croo","tag-depistage","tag-pandemie-fr","tag-test-fr","tag-tests-numeriques"],"acf":[],"yoast_head":"<!-- This site is optimized with the Yoast SEO Premium plugin v20.8 (Yoast SEO v27.3) - https:\/\/yoast.com\/product\/yoast-seo-premium-wordpress\/ -->\n<title>COVID-19 : la Belgique mise sur les tests num\u00e9riques - Smarthealth<\/title>\n<meta name=\"robots\" content=\"index, follow, max-snippet:-1, max-image-preview:large, max-video-preview:-1\" \/>\n<link rel=\"canonical\" href=\"https:\/\/smarthealth.live\/fr\/2021\/10\/25\/51741\/\" \/>\n<meta property=\"og:locale\" content=\"fr_FR\" \/>\n<meta property=\"og:type\" content=\"article\" \/>\n<meta property=\"og:title\" content=\"COVID-19 : la Belgique mise sur les tests num\u00e9riques\" \/>\n<meta property=\"og:description\" content=\"Pour soulager les m\u00e9decins et encourager le d\u00e9pistage, un nouveau dispositif de tests num\u00e9riques est pr\u00e9vu en Belgique.\" \/>\n<meta property=\"og:url\" content=\"https:\/\/smarthealth.live\/fr\/2021\/10\/25\/51741\/\" \/>\n<meta property=\"og:site_name\" content=\"Smarthealth\" \/>\n<meta property=\"article:publisher\" content=\"https:\/\/www.facebook.com\/smarthealthnl\/\" \/>\n<meta property=\"article:published_time\" content=\"2021-10-25T06:04:23+00:00\" \/>\n<meta property=\"og:image\" content=\"https:\/\/smarthealth.live\/wp-content\/uploads\/2021\/10\/matteo-jorjoson-WsM82a57Nk-unsplash-scaled-e1634901503445.jpg\" \/>\n\t<meta property=\"og:image:width\" content=\"2560\" \/>\n\t<meta property=\"og:image:height\" content=\"1709\" \/>\n\t<meta property=\"og:image:type\" content=\"image\/jpeg\" \/>\n<meta name=\"author\" content=\"Glen van Muylem\" \/>\n<meta name=\"twitter:card\" content=\"summary_large_image\" \/>\n<meta name=\"twitter:creator\" content=\"@SmartHealthNL\" \/>\n<meta name=\"twitter:site\" content=\"@SmartHealthNL\" \/>\n<meta name=\"twitter:label1\" content=\"\u00c9crit par\" \/>\n\t<meta name=\"twitter:data1\" content=\"Glen van Muylem\" \/>\n\t<meta name=\"twitter:label2\" content=\"Dur\u00e9e de lecture estim\u00e9e\" \/>\n\t<meta name=\"twitter:data2\" content=\"2 minutes\" \/>\n<script type=\"application\/ld+json\" class=\"yoast-schema-graph\">{\"@context\":\"https:\\\/\\\/schema.org\",\"@graph\":[{\"@type\":\"Article\",\"@id\":\"https:\\\/\\\/smarthealth.live\\\/fr\\\/2021\\\/10\\\/25\\\/51741\\\/#article\",\"isPartOf\":{\"@id\":\"https:\\\/\\\/smarthealth.live\\\/fr\\\/2021\\\/10\\\/25\\\/51741\\\/\"},\"author\":{\"name\":\"Glen van Muylem\",\"@id\":\"https:\\\/\\\/smarthealth.live\\\/fr\\\/#\\\/schema\\\/person\\\/553fd527c116489ace56bf38bea32229\"},\"headline\":\"COVID-19 : la Belgique mise sur les tests num\u00e9riques\",\"datePublished\":\"2021-10-25T06:04:23+00:00\",\"mainEntityOfPage\":{\"@id\":\"https:\\\/\\\/smarthealth.live\\\/fr\\\/2021\\\/10\\\/25\\\/51741\\\/\"},\"wordCount\":501,\"commentCount\":0,\"publisher\":{\"@id\":\"https:\\\/\\\/smarthealth.live\\\/fr\\\/#organization\"},\"image\":{\"@id\":\"https:\\\/\\\/smarthealth.live\\\/fr\\\/2021\\\/10\\\/25\\\/51741\\\/#primaryimage\"},\"thumbnailUrl\":\"https:\\\/\\\/smarthealth.live\\\/wp-content\\\/uploads\\\/2021\\\/10\\\/matteo-jorjoson-WsM82a57Nk-unsplash-scaled-e1634901503445.jpg\",\"keywords\":[\"coronavirus\",\"COVID-19\",\"De Croo\",\"d\u00e9pistage\",\"pandemie\",\"test\",\"tests num\u00e9riques\"],\"articleSection\":[\"t\u00e9l\u00e9sant\u00e9\"],\"inLanguage\":\"fr-FR\",\"potentialAction\":[{\"@type\":\"CommentAction\",\"name\":\"Comment\",\"target\":[\"https:\\\/\\\/smarthealth.live\\\/fr\\\/2021\\\/10\\\/25\\\/51741\\\/#respond\"]}]},{\"@type\":\"WebPage\",\"@id\":\"https:\\\/\\\/smarthealth.live\\\/fr\\\/2021\\\/10\\\/25\\\/51741\\\/\",\"url\":\"https:\\\/\\\/smarthealth.live\\\/fr\\\/2021\\\/10\\\/25\\\/51741\\\/\",\"name\":\"COVID-19 : la Belgique mise sur les tests num\u00e9riques - Smarthealth\",\"isPartOf\":{\"@id\":\"https:\\\/\\\/smarthealth.live\\\/fr\\\/#website\"},\"primaryImageOfPage\":{\"@id\":\"https:\\\/\\\/smarthealth.live\\\/fr\\\/2021\\\/10\\\/25\\\/51741\\\/#primaryimage\"},\"image\":{\"@id\":\"https:\\\/\\\/smarthealth.live\\\/fr\\\/2021\\\/10\\\/25\\\/51741\\\/#primaryimage\"},\"thumbnailUrl\":\"https:\\\/\\\/smarthealth.live\\\/wp-content\\\/uploads\\\/2021\\\/10\\\/matteo-jorjoson-WsM82a57Nk-unsplash-scaled-e1634901503445.jpg\",\"datePublished\":\"2021-10-25T06:04:23+00:00\",\"breadcrumb\":{\"@id\":\"https:\\\/\\\/smarthealth.live\\\/fr\\\/2021\\\/10\\\/25\\\/51741\\\/#breadcrumb\"},\"inLanguage\":\"fr-FR\",\"potentialAction\":[{\"@type\":\"ReadAction\",\"target\":[\"https:\\\/\\\/smarthealth.live\\\/fr\\\/2021\\\/10\\\/25\\\/51741\\\/\"]}]},{\"@type\":\"ImageObject\",\"inLanguage\":\"fr-FR\",\"@id\":\"https:\\\/\\\/smarthealth.live\\\/fr\\\/2021\\\/10\\\/25\\\/51741\\\/#primaryimage\",\"url\":\"https:\\\/\\\/smarthealth.live\\\/wp-content\\\/uploads\\\/2021\\\/10\\\/matteo-jorjoson-WsM82a57Nk-unsplash-scaled-e1634901503445.jpg\",\"contentUrl\":\"https:\\\/\\\/smarthealth.live\\\/wp-content\\\/uploads\\\/2021\\\/10\\\/matteo-jorjoson-WsM82a57Nk-unsplash-scaled-e1634901503445.jpg\",\"width\":2560,\"height\":1709,\"caption\":\"Mensen dragen mondmasker om covid-19 te voorkomen\"},{\"@type\":\"BreadcrumbList\",\"@id\":\"https:\\\/\\\/smarthealth.live\\\/fr\\\/2021\\\/10\\\/25\\\/51741\\\/#breadcrumb\",\"itemListElement\":[{\"@type\":\"ListItem\",\"position\":1,\"name\":\"Home\",\"item\":\"https:\\\/\\\/smarthealth.live\\\/fr\\\/\"},{\"@type\":\"ListItem\",\"position\":2,\"name\":\"COVID-19 : la Belgique mise sur les tests num\u00e9riques\"}]},{\"@type\":\"WebSite\",\"@id\":\"https:\\\/\\\/smarthealth.live\\\/fr\\\/#website\",\"url\":\"https:\\\/\\\/smarthealth.live\\\/fr\\\/\",\"name\":\"Smarthealth\",\"description\":\"Het kennisplatform voor digital health\",\"publisher\":{\"@id\":\"https:\\\/\\\/smarthealth.live\\\/fr\\\/#organization\"},\"potentialAction\":[{\"@type\":\"SearchAction\",\"target\":{\"@type\":\"EntryPoint\",\"urlTemplate\":\"https:\\\/\\\/smarthealth.live\\\/fr\\\/?s={search_term_string}\"},\"query-input\":{\"@type\":\"PropertyValueSpecification\",\"valueRequired\":true,\"valueName\":\"search_term_string\"}}],\"inLanguage\":\"fr-FR\"},{\"@type\":\"Organization\",\"@id\":\"https:\\\/\\\/smarthealth.live\\\/fr\\\/#organization\",\"name\":\"SmartHealth\",\"url\":\"https:\\\/\\\/smarthealth.live\\\/fr\\\/\",\"logo\":{\"@type\":\"ImageObject\",\"inLanguage\":\"fr-FR\",\"@id\":\"https:\\\/\\\/smarthealth.live\\\/fr\\\/#\\\/schema\\\/logo\\\/image\\\/\",\"url\":\"https:\\\/\\\/smarthealth.live\\\/wp-content\\\/uploads\\\/2013\\\/07\\\/logofutura400PIXBREED.png\",\"contentUrl\":\"https:\\\/\\\/smarthealth.live\\\/wp-content\\\/uploads\\\/2013\\\/07\\\/logofutura400PIXBREED.png\",\"width\":400,\"height\":96,\"caption\":\"SmartHealth\"},\"image\":{\"@id\":\"https:\\\/\\\/smarthealth.live\\\/fr\\\/#\\\/schema\\\/logo\\\/image\\\/\"},\"sameAs\":[\"https:\\\/\\\/www.facebook.com\\\/smarthealthnl\\\/\",\"https:\\\/\\\/x.com\\\/SmartHealthNL\"]},{\"@type\":\"Person\",\"@id\":\"https:\\\/\\\/smarthealth.live\\\/fr\\\/#\\\/schema\\\/person\\\/553fd527c116489ace56bf38bea32229\",\"name\":\"Glen van Muylem\",\"description\":\"Glen Van Muylem is freelance journalist. Door zijn bachelor- en masteropleiding taal- en letterkunde aan de universiteit van Gent houden het Nederlands en Engels geen geheimen meer voor hem. Tijdens zijn master-na-masteropleiding journalistiek aan de KU Leuven leerde hij heldere teksten te schrijven over diverse onderwerpen: van muziek over politiek tot gezondheidszorg.\",\"url\":\"https:\\\/\\\/smarthealth.live\\\/fr\\\/author\\\/glen-van-muylem\\\/\"}]}<\/script>\n<!-- \/ Yoast SEO Premium plugin. -->","yoast_head_json":{"title":"COVID-19 : la Belgique mise sur les tests num\u00e9riques - Smarthealth","robots":{"index":"index","follow":"follow","max-snippet":"max-snippet:-1","max-image-preview":"max-image-preview:large","max-video-preview":"max-video-preview:-1"},"canonical":"https:\/\/smarthealth.live\/fr\/2021\/10\/25\/51741\/","og_locale":"fr_FR","og_type":"article","og_title":"COVID-19 : la Belgique mise sur les tests num\u00e9riques","og_description":"Pour soulager les m\u00e9decins et encourager le d\u00e9pistage, un nouveau dispositif de tests num\u00e9riques est pr\u00e9vu en Belgique.","og_url":"https:\/\/smarthealth.live\/fr\/2021\/10\/25\/51741\/","og_site_name":"Smarthealth","article_publisher":"https:\/\/www.facebook.com\/smarthealthnl\/","article_published_time":"2021-10-25T06:04:23+00:00","og_image":[{"width":2560,"height":1709,"url":"https:\/\/smarthealth.live\/wp-content\/uploads\/2021\/10\/matteo-jorjoson-WsM82a57Nk-unsplash-scaled-e1634901503445.jpg","type":"image\/jpeg"}],"author":"Glen van Muylem","twitter_card":"summary_large_image","twitter_creator":"@SmartHealthNL","twitter_site":"@SmartHealthNL","twitter_misc":{"\u00c9crit par":"Glen van Muylem","Dur\u00e9e de lecture estim\u00e9e":"2 minutes"},"schema":{"@context":"https:\/\/schema.org","@graph":[{"@type":"Article","@id":"https:\/\/smarthealth.live\/fr\/2021\/10\/25\/51741\/#article","isPartOf":{"@id":"https:\/\/smarthealth.live\/fr\/2021\/10\/25\/51741\/"},"author":{"name":"Glen van Muylem","@id":"https:\/\/smarthealth.live\/fr\/#\/schema\/person\/553fd527c116489ace56bf38bea32229"},"headline":"COVID-19 : la Belgique mise sur les tests num\u00e9riques","datePublished":"2021-10-25T06:04:23+00:00","mainEntityOfPage":{"@id":"https:\/\/smarthealth.live\/fr\/2021\/10\/25\/51741\/"},"wordCount":501,"commentCount":0,"publisher":{"@id":"https:\/\/smarthealth.live\/fr\/#organization"},"image":{"@id":"https:\/\/smarthealth.live\/fr\/2021\/10\/25\/51741\/#primaryimage"},"thumbnailUrl":"https:\/\/smarthealth.live\/wp-content\/uploads\/2021\/10\/matteo-jorjoson-WsM82a57Nk-unsplash-scaled-e1634901503445.jpg","keywords":["coronavirus","COVID-19","De Croo","d\u00e9pistage","pandemie","test","tests num\u00e9riques"],"articleSection":["t\u00e9l\u00e9sant\u00e9"],"inLanguage":"fr-FR","potentialAction":[{"@type":"CommentAction","name":"Comment","target":["https:\/\/smarthealth.live\/fr\/2021\/10\/25\/51741\/#respond"]}]},{"@type":"WebPage","@id":"https:\/\/smarthealth.live\/fr\/2021\/10\/25\/51741\/","url":"https:\/\/smarthealth.live\/fr\/2021\/10\/25\/51741\/","name":"COVID-19 : la Belgique mise sur les tests num\u00e9riques - Smarthealth","isPartOf":{"@id":"https:\/\/smarthealth.live\/fr\/#website"},"primaryImageOfPage":{"@id":"https:\/\/smarthealth.live\/fr\/2021\/10\/25\/51741\/#primaryimage"},"image":{"@id":"https:\/\/smarthealth.live\/fr\/2021\/10\/25\/51741\/#primaryimage"},"thumbnailUrl":"https:\/\/smarthealth.live\/wp-content\/uploads\/2021\/10\/matteo-jorjoson-WsM82a57Nk-unsplash-scaled-e1634901503445.jpg","datePublished":"2021-10-25T06:04:23+00:00","breadcrumb":{"@id":"https:\/\/smarthealth.live\/fr\/2021\/10\/25\/51741\/#breadcrumb"},"inLanguage":"fr-FR","potentialAction":[{"@type":"ReadAction","target":["https:\/\/smarthealth.live\/fr\/2021\/10\/25\/51741\/"]}]},{"@type":"ImageObject","inLanguage":"fr-FR","@id":"https:\/\/smarthealth.live\/fr\/2021\/10\/25\/51741\/#primaryimage","url":"https:\/\/smarthealth.live\/wp-content\/uploads\/2021\/10\/matteo-jorjoson-WsM82a57Nk-unsplash-scaled-e1634901503445.jpg","contentUrl":"https:\/\/smarthealth.live\/wp-content\/uploads\/2021\/10\/matteo-jorjoson-WsM82a57Nk-unsplash-scaled-e1634901503445.jpg","width":2560,"height":1709,"caption":"Mensen dragen mondmasker om covid-19 te voorkomen"},{"@type":"BreadcrumbList","@id":"https:\/\/smarthealth.live\/fr\/2021\/10\/25\/51741\/#breadcrumb","itemListElement":[{"@type":"ListItem","position":1,"name":"Home","item":"https:\/\/smarthealth.live\/fr\/"},{"@type":"ListItem","position":2,"name":"COVID-19 : la Belgique mise sur les tests num\u00e9riques"}]},{"@type":"WebSite","@id":"https:\/\/smarthealth.live\/fr\/#website","url":"https:\/\/smarthealth.live\/fr\/","name":"Smarthealth","description":"Het kennisplatform voor digital health","publisher":{"@id":"https:\/\/smarthealth.live\/fr\/#organization"},"potentialAction":[{"@type":"SearchAction","target":{"@type":"EntryPoint","urlTemplate":"https:\/\/smarthealth.live\/fr\/?s={search_term_string}"},"query-input":{"@type":"PropertyValueSpecification","valueRequired":true,"valueName":"search_term_string"}}],"inLanguage":"fr-FR"},{"@type":"Organization","@id":"https:\/\/smarthealth.live\/fr\/#organization","name":"SmartHealth","url":"https:\/\/smarthealth.live\/fr\/","logo":{"@type":"ImageObject","inLanguage":"fr-FR","@id":"https:\/\/smarthealth.live\/fr\/#\/schema\/logo\/image\/","url":"https:\/\/smarthealth.live\/wp-content\/uploads\/2013\/07\/logofutura400PIXBREED.png","contentUrl":"https:\/\/smarthealth.live\/wp-content\/uploads\/2013\/07\/logofutura400PIXBREED.png","width":400,"height":96,"caption":"SmartHealth"},"image":{"@id":"https:\/\/smarthealth.live\/fr\/#\/schema\/logo\/image\/"},"sameAs":["https:\/\/www.facebook.com\/smarthealthnl\/","https:\/\/x.com\/SmartHealthNL"]},{"@type":"Person","@id":"https:\/\/smarthealth.live\/fr\/#\/schema\/person\/553fd527c116489ace56bf38bea32229","name":"Glen van Muylem","description":"Glen Van Muylem is freelance journalist. Door zijn bachelor- en masteropleiding taal- en letterkunde aan de universiteit van Gent houden het Nederlands en Engels geen geheimen meer voor hem. Tijdens zijn master-na-masteropleiding journalistiek aan de KU Leuven leerde hij heldere teksten te schrijven over diverse onderwerpen: van muziek over politiek tot gezondheidszorg.","url":"https:\/\/smarthealth.live\/fr\/author\/glen-van-muylem\/"}]}},"_links":{"self":[{"href":"https:\/\/smarthealth.live\/fr\/wp-json\/wp\/v2\/posts\/51741","targetHints":{"allow":["GET"]}}],"collection":[{"href":"https:\/\/smarthealth.live\/fr\/wp-json\/wp\/v2\/posts"}],"about":[{"href":"https:\/\/smarthealth.live\/fr\/wp-json\/wp\/v2\/types\/post"}],"author":[{"embeddable":true,"href":"https:\/\/smarthealth.live\/fr\/wp-json\/wp\/v2\/users\/43"}],"replies":[{"embeddable":true,"href":"https:\/\/smarthealth.live\/fr\/wp-json\/wp\/v2\/comments?post=51741"}],"version-history":[{"count":6,"href":"https:\/\/smarthealth.live\/fr\/wp-json\/wp\/v2\/posts\/51741\/revisions"}],"predecessor-version":[{"id":51743,"href":"https:\/\/smarthealth.live\/fr\/wp-json\/wp\/v2\/posts\/51741\/revisions\/51743"}],"wp:featuredmedia":[{"embeddable":true,"href":"https:\/\/smarthealth.live\/fr\/wp-json\/wp\/v2\/media\/51720"}],"wp:attachment":[{"href":"https:\/\/smarthealth.live\/fr\/wp-json\/wp\/v2\/media?parent=51741"}],"wp:term":[{"taxonomy":"category","embeddable":true,"href":"https:\/\/smarthealth.live\/fr\/wp-json\/wp\/v2\/categories?post=51741"},{"taxonomy":"post_tag","embeddable":true,"href":"https:\/\/smarthealth.live\/fr\/wp-json\/wp\/v2\/tags?post=51741"}],"curies":[{"name":"wp","href":"https:\/\/api.w.org\/{rel}","templated":true}]}}