{"id":51588,"date":"2021-10-18T08:13:47","date_gmt":"2021-10-18T06:13:47","guid":{"rendered":"https:\/\/smarthealth.live\/?p=51588"},"modified":"2021-10-18T08:30:14","modified_gmt":"2021-10-18T06:30:14","slug":"nell-et-basalt-creent-un-centre-de-soins-de-readaptation","status":"publish","type":"post","link":"https:\/\/smarthealth.live\/fr\/2021\/10\/18\/nell-et-basalt-creent-un-centre-de-soins-de-readaptation\/","title":{"rendered":"NeLL et Basalt cr\u00e9ent un centre de soins de r\u00e9adaptation"},"content":{"rendered":"<p><strong>La plateforme eHealth NeLL (National eHealth Living Lab) et le centre d'expertise en m\u00e9decine de r\u00e9adaptation Basalt s\u2019associent. Ensemble, ils souhaitent mettre en place le Hub \u00ab R\u00e9habilitation \u00bb. Une belle initiative qui vise \u00e0 d\u00e9velopper les soins de r\u00e9adaptation num\u00e9riques du futur.<\/strong><\/p>\n<p>Les entreprises Basalt et NeLL sont convaincus que l'e-sant\u00e9 a un r\u00f4le essentiel \u00e0 jouer dans les soins de r\u00e9adaptation. Gr\u00e2ce aux outils d\u00e9velopp\u00e9s par les nouvelles technologies, qui seront mis au point au centre de r\u00e9habilitation, elles souhaitent rendre les r\u00e9\u00e9ducations abordables, accessibles et personnalis\u00e9es.<\/p>\n<h3>Les soins de r\u00e9adaptation de demain<\/h3>\n<p>Par le pass\u00e9, NeLL et Basalt ont d\u00e9j\u00e0 travaill\u00e9 ensemble sur des projets de recherche innovants. Ainsi, le centre d\u2019expertise est devenu le sp\u00e9cialiste des soins de r\u00e9adaptation m\u00e9dicale au sein du r\u00e9seau NeLL. Le Hub sera compos\u00e9 d'une \u00e9quipe multidisciplinaire. Basalt va donc d\u00e9ployer des experts dans le domaine.<\/p>\n<p>Il va \u00e9galement int\u00e9grer des th\u00e8mes sp\u00e9cifiques tels que la recherche sur les soins, l'innovation ou encore la mise en \u0153uvre et la gestion du changement. Au sein du nouveau p\u00f4le mis en place, cette nouvelle collaboration prendra forme gr\u00e2ce au partage des connaissances, \u00e0 la recherche conjointe, aux d\u00e9ploiements de nouveaux projets, et par la r\u00e9daction d'articles dans le cadre de subventions nationales et internationales.<\/p>\n<p>&nbsp;<\/p>\n<h3>Une collaboration prometteuse<\/h3>\n<p>Selon Willem Wiegersma, le pr\u00e9sident de Basalt, cette initiative peut vraiment faire la diff\u00e9rence. \u00ab <em>L'eHealth peut nous aider \u00e0 organiser la m\u00e9decine de r\u00e9adaptation de mani\u00e8re radicalement diff\u00e9rente. Cela la rendrait plus performante \u00e0 bien des niveaux. Elle serait non seulement plus agr\u00e9able pour le patient, mais aussi plus efficace pour nos clients. Pour mettre r\u00e9ellement en \u0153uvre de nouvelles applications num\u00e9riques dans les soins de r\u00e9adaptation, nous devons \u00e9tudier dans la pratique ce qui fonctionne et ce qui ne marche pas. Il faut aussi associer l'exp\u00e9rience personnelle \u00e0 une recherche scientifique approfondie. C'est pr\u00e9cis\u00e9ment ce sur quoi nous allons nous concentrer avec NeLL.<\/em><\/p>\n<p>Cette collaboration permet de rapprocher la recherche scientifique et la pratique quotidienne. Ainsi, NeLL va pouvoir faciliter la recherche scientifique dans le domaine de la sant\u00e9 en ligne. Elle va ainsi partager ses connaissances dans son r\u00e9seau d'organisations publiques et priv\u00e9es nationales et internationales. Autrement dit, le Hub va faire le lien entre la pratique professionnelle et l'enseignement m\u00e9dical par le biais du groupe de recherche R\u00e9habilitation et Technologie de Basalt et de l'Universit\u00e9 des Sciences Appliqu\u00e9es de La Haye. L\u2019objectif de NeLL et Basalt est de d\u00e9velopper les bons outils de soins num\u00e9riques, ceux qui ont un r\u00e9el impact positif sur le processus de soins et en particulier sur le patient et le professionnel des soins.\u00bb<\/p>\n<h3>Recherche et innovation Basalt<\/h3>\n<p>\u00ab <em>Basalt est un pionnier dans l'utilisation de l\u2019e-sant\u00e9 et des technologies dans les soins de r\u00e9adaptation. Il se concentre \u00e0 la fois sur le d\u00e9veloppement d'applications num\u00e9riques (test, validation et optimisation) et sur la mise en \u0153uvre. Sans oublier de faire une \u00e9valuation de la sant\u00e9 en ligne. L'atout majeur de ce centre d\u2019expertise est qu'il implique toutes les parties prenantes. Il va donc solliciter plusieurs LivingLabs, un FieldLab et des partenaires de la cha\u00eene dans le propre environnement des patients. Je me r\u00e9jouis sinc\u00e8rement\u00a0de cette collaboration<\/em> \u00bb, t\u00e9moigne Niels Chavannes, fondateur de NeLL.<\/p>\n<p>Basalt est n\u00e9 d\u2019une fusion entre le centre de r\u00e9habilitation Rijnlands et celui de Sophia. Chaque ann\u00e9e, il traite environ 13 000 nouveaux patients. Les investissements sont principalement tourn\u00e9s vers la recherche et l'innovation. C\u2019est d\u2019ailleurs la deuxi\u00e8me fois que le centre participe \u00e0 un projet innovant d\u2019une telle ampleur. La semaine derni\u00e8re, Basalt a \u00e9t\u00e9 inaugur\u00e9 en face de l'h\u00f4pital Haga \u00e0 La Haye. Quelque 19 cabinets de soins primaires ont \u00e9t\u00e9 regroup\u00e9s en un seul lieu. Il s\u2019agit de soins primaires dans le domaine de l'orthophonie, de l'ergoth\u00e9rapie, de la physioth\u00e9rapie, de la di\u00e9t\u00e9tique et de la th\u00e9rapie des mains et de la peau. Il sert \u00e9galement de centre d'expertise et de connaissances, en mettant l'accent sur les applications de soins num\u00e9riques qui soutiennent les patients \u00e0 domicile.<\/p>\n<h3>Partage des connaissances gr\u00e2ce \u00e0 NeLL<\/h3>\n<p>En tant qu'institut de connaissances, NeLL teste et valide les applications innovantes en mati\u00e8re de sant\u00e9 en ligne. Il lance \u00e9galement des recherches scientifiques sur les applications de la sant\u00e9 en ligne. Les connaissances et les donn\u00e9es acquises sont partag\u00e9es ouvertement. Cela permet \u00e0 chacun de savoir clairement quels sont les outils num\u00e9riques s\u00fbrs, fiables et efficaces. Toute personne int\u00e9ress\u00e9e ou directement impliqu\u00e9e dans la sant\u00e9 en ligne peut rejoindre le r\u00e9seau. N\u00e9anmoins, il reste pour l\u2019instant difficile de mesurer leur impact sur le patient, le professionnel des soins ou encore le processus de soins.<\/p>\n<p>Le premier centre NeLL a \u00e9t\u00e9 ouvert en avril dernier chez Unilabs au Pays-Bas. Les hubs mis en place par la plateforme eHealth ont pour but de cr\u00e9er un r\u00e9seau de connaissances large et diversifi\u00e9 avec diff\u00e9rentes institutions et organisations. Gr\u00e2ce \u00e0 son approche proactive, NeLL veut mettre en relation les personnes et les organisations. Le but ? Les motiver \u00e0 travailler ensemble sur des soins de sant\u00e9 num\u00e9riques qui feront notre m\u00e9decine de demain.<\/p>\n","protected":false},"excerpt":{"rendered":"<p>La plateforme de sant\u00e9 en ligne et le centre d'expertise en m\u00e9decine de r\u00e9adaptation unissent leurs forces pour que les soins de r\u00e9adaptation marquent la [&hellip;]<\/p>\n","protected":false},"author":42,"featured_media":51561,"comment_status":"open","ping_status":"open","sticky":false,"template":"","format":"standard","meta":{"_acf_changed":false,"footnotes":""},"categories":[4653],"tags":[5299,5304,5303,5305,5301,5302,5300,4880],"class_list":["post-51588","post","type-post","status-publish","format-standard","has-post-thumbnail","hentry","category-recherche","tag-basalt","tag-hub","tag-medecine-du-futur","tag-nell-fr","tag-nouvelles-technologies","tag-soins-de-readaptation","tag-soins-de-rehabilitation","tag-soins-numeriques"],"acf":[],"yoast_head":"<!-- This site is optimized with the Yoast SEO Premium plugin v20.8 (Yoast SEO v27.3) - https:\/\/yoast.com\/product\/yoast-seo-premium-wordpress\/ -->\n<title>NeLL et Basalt cr\u00e9ent un centre de soins de r\u00e9adaptation - Smarthealth<\/title>\n<meta name=\"description\" content=\"La plateforme de&#039;e-sant\u00e9 et le centre d&#039;expertise unissent leurs forces pour que les soins de r\u00e9adaptation marquent la m\u00e9decine du futur.\" \/>\n<meta name=\"robots\" content=\"index, follow, max-snippet:-1, max-image-preview:large, max-video-preview:-1\" \/>\n<link rel=\"canonical\" href=\"https:\/\/smarthealth.live\/fr\/2021\/10\/18\/nell-et-basalt-creent-un-centre-de-soins-de-readaptation\/\" \/>\n<meta property=\"og:locale\" content=\"fr_FR\" \/>\n<meta property=\"og:type\" content=\"article\" \/>\n<meta property=\"og:title\" content=\"NeLL et Basalt cr\u00e9ent un centre de soins de r\u00e9adaptation\" \/>\n<meta property=\"og:description\" content=\"La plateforme de&#039;e-sant\u00e9 et le centre d&#039;expertise unissent leurs forces pour que les soins de r\u00e9adaptation marquent la m\u00e9decine du futur.\" \/>\n<meta property=\"og:url\" content=\"https:\/\/smarthealth.live\/fr\/2021\/10\/18\/nell-et-basalt-creent-un-centre-de-soins-de-readaptation\/\" \/>\n<meta property=\"og:site_name\" content=\"Smarthealth\" \/>\n<meta property=\"article:publisher\" content=\"https:\/\/www.facebook.com\/smarthealthnl\/\" \/>\n<meta property=\"article:published_time\" content=\"2021-10-18T06:13:47+00:00\" \/>\n<meta property=\"article:modified_time\" content=\"2021-10-18T06:30:14+00:00\" \/>\n<meta property=\"og:image\" content=\"https:\/\/smarthealth.live\/wp-content\/uploads\/2021\/10\/Basalt-innovatie.png\" \/>\n\t<meta property=\"og:image:width\" content=\"896\" \/>\n\t<meta property=\"og:image:height\" content=\"504\" \/>\n\t<meta property=\"og:image:type\" content=\"image\/png\" \/>\n<meta name=\"author\" content=\"Sebas Eikholt\" \/>\n<meta name=\"twitter:card\" content=\"summary_large_image\" \/>\n<meta name=\"twitter:creator\" content=\"@SmartHealthNL\" \/>\n<meta name=\"twitter:site\" content=\"@SmartHealthNL\" \/>\n<meta name=\"twitter:label1\" content=\"\u00c9crit par\" \/>\n\t<meta name=\"twitter:data1\" content=\"Sebas Eikholt\" \/>\n\t<meta name=\"twitter:label2\" content=\"Dur\u00e9e de lecture estim\u00e9e\" \/>\n\t<meta name=\"twitter:data2\" content=\"4 minutes\" \/>\n<script type=\"application\/ld+json\" class=\"yoast-schema-graph\">{\"@context\":\"https:\\\/\\\/schema.org\",\"@graph\":[{\"@type\":\"Article\",\"@id\":\"https:\\\/\\\/smarthealth.live\\\/fr\\\/2021\\\/10\\\/18\\\/nell-et-basalt-creent-un-centre-de-soins-de-readaptation\\\/#article\",\"isPartOf\":{\"@id\":\"https:\\\/\\\/smarthealth.live\\\/fr\\\/2021\\\/10\\\/18\\\/nell-et-basalt-creent-un-centre-de-soins-de-readaptation\\\/\"},\"author\":{\"name\":\"Sebas Eikholt\",\"@id\":\"https:\\\/\\\/smarthealth.live\\\/fr\\\/#\\\/schema\\\/person\\\/0e4910a90a4d77ab7745f11e961ebf6b\"},\"headline\":\"NeLL et Basalt cr\u00e9ent un centre de soins de r\u00e9adaptation\",\"datePublished\":\"2021-10-18T06:13:47+00:00\",\"dateModified\":\"2021-10-18T06:30:14+00:00\",\"mainEntityOfPage\":{\"@id\":\"https:\\\/\\\/smarthealth.live\\\/fr\\\/2021\\\/10\\\/18\\\/nell-et-basalt-creent-un-centre-de-soins-de-readaptation\\\/\"},\"wordCount\":951,\"commentCount\":0,\"publisher\":{\"@id\":\"https:\\\/\\\/smarthealth.live\\\/fr\\\/#organization\"},\"image\":{\"@id\":\"https:\\\/\\\/smarthealth.live\\\/fr\\\/2021\\\/10\\\/18\\\/nell-et-basalt-creent-un-centre-de-soins-de-readaptation\\\/#primaryimage\"},\"thumbnailUrl\":\"https:\\\/\\\/smarthealth.live\\\/wp-content\\\/uploads\\\/2021\\\/10\\\/Basalt-innovatie.png\",\"keywords\":[\"Basalt\",\"Hub\",\"m\u00e9decine du futur\",\"NeLL\",\"nouvelles technologies\",\"soins de r\u00e9adaptation\",\"soins de r\u00e9habilitation\",\"soins num\u00e9riques\"],\"articleSection\":[\"recherche\"],\"inLanguage\":\"fr-FR\",\"potentialAction\":[{\"@type\":\"CommentAction\",\"name\":\"Comment\",\"target\":[\"https:\\\/\\\/smarthealth.live\\\/fr\\\/2021\\\/10\\\/18\\\/nell-et-basalt-creent-un-centre-de-soins-de-readaptation\\\/#respond\"]}]},{\"@type\":\"WebPage\",\"@id\":\"https:\\\/\\\/smarthealth.live\\\/fr\\\/2021\\\/10\\\/18\\\/nell-et-basalt-creent-un-centre-de-soins-de-readaptation\\\/\",\"url\":\"https:\\\/\\\/smarthealth.live\\\/fr\\\/2021\\\/10\\\/18\\\/nell-et-basalt-creent-un-centre-de-soins-de-readaptation\\\/\",\"name\":\"NeLL et Basalt cr\u00e9ent un centre de soins de r\u00e9adaptation - Smarthealth\",\"isPartOf\":{\"@id\":\"https:\\\/\\\/smarthealth.live\\\/fr\\\/#website\"},\"primaryImageOfPage\":{\"@id\":\"https:\\\/\\\/smarthealth.live\\\/fr\\\/2021\\\/10\\\/18\\\/nell-et-basalt-creent-un-centre-de-soins-de-readaptation\\\/#primaryimage\"},\"image\":{\"@id\":\"https:\\\/\\\/smarthealth.live\\\/fr\\\/2021\\\/10\\\/18\\\/nell-et-basalt-creent-un-centre-de-soins-de-readaptation\\\/#primaryimage\"},\"thumbnailUrl\":\"https:\\\/\\\/smarthealth.live\\\/wp-content\\\/uploads\\\/2021\\\/10\\\/Basalt-innovatie.png\",\"datePublished\":\"2021-10-18T06:13:47+00:00\",\"dateModified\":\"2021-10-18T06:30:14+00:00\",\"description\":\"La plateforme de'e-sant\u00e9 et le centre d'expertise unissent leurs forces pour que les soins de r\u00e9adaptation marquent la m\u00e9decine du futur.\",\"breadcrumb\":{\"@id\":\"https:\\\/\\\/smarthealth.live\\\/fr\\\/2021\\\/10\\\/18\\\/nell-et-basalt-creent-un-centre-de-soins-de-readaptation\\\/#breadcrumb\"},\"inLanguage\":\"fr-FR\",\"potentialAction\":[{\"@type\":\"ReadAction\",\"target\":[\"https:\\\/\\\/smarthealth.live\\\/fr\\\/2021\\\/10\\\/18\\\/nell-et-basalt-creent-un-centre-de-soins-de-readaptation\\\/\"]}]},{\"@type\":\"ImageObject\",\"inLanguage\":\"fr-FR\",\"@id\":\"https:\\\/\\\/smarthealth.live\\\/fr\\\/2021\\\/10\\\/18\\\/nell-et-basalt-creent-un-centre-de-soins-de-readaptation\\\/#primaryimage\",\"url\":\"https:\\\/\\\/smarthealth.live\\\/wp-content\\\/uploads\\\/2021\\\/10\\\/Basalt-innovatie.png\",\"contentUrl\":\"https:\\\/\\\/smarthealth.live\\\/wp-content\\\/uploads\\\/2021\\\/10\\\/Basalt-innovatie.png\",\"width\":896,\"height\":504,\"caption\":\"Digitale revalidatie voorbeeld\"},{\"@type\":\"BreadcrumbList\",\"@id\":\"https:\\\/\\\/smarthealth.live\\\/fr\\\/2021\\\/10\\\/18\\\/nell-et-basalt-creent-un-centre-de-soins-de-readaptation\\\/#breadcrumb\",\"itemListElement\":[{\"@type\":\"ListItem\",\"position\":1,\"name\":\"Home\",\"item\":\"https:\\\/\\\/smarthealth.live\\\/fr\\\/\"},{\"@type\":\"ListItem\",\"position\":2,\"name\":\"NeLL et Basalt cr\u00e9ent un centre de soins de r\u00e9adaptation\"}]},{\"@type\":\"WebSite\",\"@id\":\"https:\\\/\\\/smarthealth.live\\\/fr\\\/#website\",\"url\":\"https:\\\/\\\/smarthealth.live\\\/fr\\\/\",\"name\":\"Smarthealth\",\"description\":\"Het kennisplatform voor digital health\",\"publisher\":{\"@id\":\"https:\\\/\\\/smarthealth.live\\\/fr\\\/#organization\"},\"potentialAction\":[{\"@type\":\"SearchAction\",\"target\":{\"@type\":\"EntryPoint\",\"urlTemplate\":\"https:\\\/\\\/smarthealth.live\\\/fr\\\/?s={search_term_string}\"},\"query-input\":{\"@type\":\"PropertyValueSpecification\",\"valueRequired\":true,\"valueName\":\"search_term_string\"}}],\"inLanguage\":\"fr-FR\"},{\"@type\":\"Organization\",\"@id\":\"https:\\\/\\\/smarthealth.live\\\/fr\\\/#organization\",\"name\":\"SmartHealth\",\"url\":\"https:\\\/\\\/smarthealth.live\\\/fr\\\/\",\"logo\":{\"@type\":\"ImageObject\",\"inLanguage\":\"fr-FR\",\"@id\":\"https:\\\/\\\/smarthealth.live\\\/fr\\\/#\\\/schema\\\/logo\\\/image\\\/\",\"url\":\"https:\\\/\\\/smarthealth.live\\\/wp-content\\\/uploads\\\/2013\\\/07\\\/logofutura400PIXBREED.png\",\"contentUrl\":\"https:\\\/\\\/smarthealth.live\\\/wp-content\\\/uploads\\\/2013\\\/07\\\/logofutura400PIXBREED.png\",\"width\":400,\"height\":96,\"caption\":\"SmartHealth\"},\"image\":{\"@id\":\"https:\\\/\\\/smarthealth.live\\\/fr\\\/#\\\/schema\\\/logo\\\/image\\\/\"},\"sameAs\":[\"https:\\\/\\\/www.facebook.com\\\/smarthealthnl\\\/\",\"https:\\\/\\\/x.com\\\/SmartHealthNL\"]},{\"@type\":\"Person\",\"@id\":\"https:\\\/\\\/smarthealth.live\\\/fr\\\/#\\\/schema\\\/person\\\/0e4910a90a4d77ab7745f11e961ebf6b\",\"name\":\"Sebas Eikholt\",\"description\":\"Sebas werkt als redacteur bij SmartHealth. Hij heeft in 2012 de master Media Studies afgerond aan de Erasmus Universiteit Rotterdam. Hij is daarna o.a. werkzaam geweest bij Apple in Madrid, als freelance journalist en als redacteur bij het gezondheidsplatform Patient Empowerment.\",\"url\":\"https:\\\/\\\/smarthealth.live\\\/fr\\\/author\\\/sebas-eikholt\\\/\"}]}<\/script>\n<!-- \/ Yoast SEO Premium plugin. -->","yoast_head_json":{"title":"NeLL et Basalt cr\u00e9ent un centre de soins de r\u00e9adaptation - Smarthealth","description":"La plateforme de'e-sant\u00e9 et le centre d'expertise unissent leurs forces pour que les soins de r\u00e9adaptation marquent la m\u00e9decine du futur.","robots":{"index":"index","follow":"follow","max-snippet":"max-snippet:-1","max-image-preview":"max-image-preview:large","max-video-preview":"max-video-preview:-1"},"canonical":"https:\/\/smarthealth.live\/fr\/2021\/10\/18\/nell-et-basalt-creent-un-centre-de-soins-de-readaptation\/","og_locale":"fr_FR","og_type":"article","og_title":"NeLL et Basalt cr\u00e9ent un centre de soins de r\u00e9adaptation","og_description":"La plateforme de'e-sant\u00e9 et le centre d'expertise unissent leurs forces pour que les soins de r\u00e9adaptation marquent la m\u00e9decine du futur.","og_url":"https:\/\/smarthealth.live\/fr\/2021\/10\/18\/nell-et-basalt-creent-un-centre-de-soins-de-readaptation\/","og_site_name":"Smarthealth","article_publisher":"https:\/\/www.facebook.com\/smarthealthnl\/","article_published_time":"2021-10-18T06:13:47+00:00","article_modified_time":"2021-10-18T06:30:14+00:00","og_image":[{"width":896,"height":504,"url":"https:\/\/smarthealth.live\/wp-content\/uploads\/2021\/10\/Basalt-innovatie.png","type":"image\/png"}],"author":"Sebas Eikholt","twitter_card":"summary_large_image","twitter_creator":"@SmartHealthNL","twitter_site":"@SmartHealthNL","twitter_misc":{"\u00c9crit par":"Sebas Eikholt","Dur\u00e9e de lecture estim\u00e9e":"4 minutes"},"schema":{"@context":"https:\/\/schema.org","@graph":[{"@type":"Article","@id":"https:\/\/smarthealth.live\/fr\/2021\/10\/18\/nell-et-basalt-creent-un-centre-de-soins-de-readaptation\/#article","isPartOf":{"@id":"https:\/\/smarthealth.live\/fr\/2021\/10\/18\/nell-et-basalt-creent-un-centre-de-soins-de-readaptation\/"},"author":{"name":"Sebas Eikholt","@id":"https:\/\/smarthealth.live\/fr\/#\/schema\/person\/0e4910a90a4d77ab7745f11e961ebf6b"},"headline":"NeLL et Basalt cr\u00e9ent un centre de soins de r\u00e9adaptation","datePublished":"2021-10-18T06:13:47+00:00","dateModified":"2021-10-18T06:30:14+00:00","mainEntityOfPage":{"@id":"https:\/\/smarthealth.live\/fr\/2021\/10\/18\/nell-et-basalt-creent-un-centre-de-soins-de-readaptation\/"},"wordCount":951,"commentCount":0,"publisher":{"@id":"https:\/\/smarthealth.live\/fr\/#organization"},"image":{"@id":"https:\/\/smarthealth.live\/fr\/2021\/10\/18\/nell-et-basalt-creent-un-centre-de-soins-de-readaptation\/#primaryimage"},"thumbnailUrl":"https:\/\/smarthealth.live\/wp-content\/uploads\/2021\/10\/Basalt-innovatie.png","keywords":["Basalt","Hub","m\u00e9decine du futur","NeLL","nouvelles technologies","soins de r\u00e9adaptation","soins de r\u00e9habilitation","soins num\u00e9riques"],"articleSection":["recherche"],"inLanguage":"fr-FR","potentialAction":[{"@type":"CommentAction","name":"Comment","target":["https:\/\/smarthealth.live\/fr\/2021\/10\/18\/nell-et-basalt-creent-un-centre-de-soins-de-readaptation\/#respond"]}]},{"@type":"WebPage","@id":"https:\/\/smarthealth.live\/fr\/2021\/10\/18\/nell-et-basalt-creent-un-centre-de-soins-de-readaptation\/","url":"https:\/\/smarthealth.live\/fr\/2021\/10\/18\/nell-et-basalt-creent-un-centre-de-soins-de-readaptation\/","name":"NeLL et Basalt cr\u00e9ent un centre de soins de r\u00e9adaptation - Smarthealth","isPartOf":{"@id":"https:\/\/smarthealth.live\/fr\/#website"},"primaryImageOfPage":{"@id":"https:\/\/smarthealth.live\/fr\/2021\/10\/18\/nell-et-basalt-creent-un-centre-de-soins-de-readaptation\/#primaryimage"},"image":{"@id":"https:\/\/smarthealth.live\/fr\/2021\/10\/18\/nell-et-basalt-creent-un-centre-de-soins-de-readaptation\/#primaryimage"},"thumbnailUrl":"https:\/\/smarthealth.live\/wp-content\/uploads\/2021\/10\/Basalt-innovatie.png","datePublished":"2021-10-18T06:13:47+00:00","dateModified":"2021-10-18T06:30:14+00:00","description":"La plateforme de'e-sant\u00e9 et le centre d'expertise unissent leurs forces pour que les soins de r\u00e9adaptation marquent la m\u00e9decine du futur.","breadcrumb":{"@id":"https:\/\/smarthealth.live\/fr\/2021\/10\/18\/nell-et-basalt-creent-un-centre-de-soins-de-readaptation\/#breadcrumb"},"inLanguage":"fr-FR","potentialAction":[{"@type":"ReadAction","target":["https:\/\/smarthealth.live\/fr\/2021\/10\/18\/nell-et-basalt-creent-un-centre-de-soins-de-readaptation\/"]}]},{"@type":"ImageObject","inLanguage":"fr-FR","@id":"https:\/\/smarthealth.live\/fr\/2021\/10\/18\/nell-et-basalt-creent-un-centre-de-soins-de-readaptation\/#primaryimage","url":"https:\/\/smarthealth.live\/wp-content\/uploads\/2021\/10\/Basalt-innovatie.png","contentUrl":"https:\/\/smarthealth.live\/wp-content\/uploads\/2021\/10\/Basalt-innovatie.png","width":896,"height":504,"caption":"Digitale revalidatie voorbeeld"},{"@type":"BreadcrumbList","@id":"https:\/\/smarthealth.live\/fr\/2021\/10\/18\/nell-et-basalt-creent-un-centre-de-soins-de-readaptation\/#breadcrumb","itemListElement":[{"@type":"ListItem","position":1,"name":"Home","item":"https:\/\/smarthealth.live\/fr\/"},{"@type":"ListItem","position":2,"name":"NeLL et Basalt cr\u00e9ent un centre de soins de r\u00e9adaptation"}]},{"@type":"WebSite","@id":"https:\/\/smarthealth.live\/fr\/#website","url":"https:\/\/smarthealth.live\/fr\/","name":"Smarthealth","description":"Het kennisplatform voor digital health","publisher":{"@id":"https:\/\/smarthealth.live\/fr\/#organization"},"potentialAction":[{"@type":"SearchAction","target":{"@type":"EntryPoint","urlTemplate":"https:\/\/smarthealth.live\/fr\/?s={search_term_string}"},"query-input":{"@type":"PropertyValueSpecification","valueRequired":true,"valueName":"search_term_string"}}],"inLanguage":"fr-FR"},{"@type":"Organization","@id":"https:\/\/smarthealth.live\/fr\/#organization","name":"SmartHealth","url":"https:\/\/smarthealth.live\/fr\/","logo":{"@type":"ImageObject","inLanguage":"fr-FR","@id":"https:\/\/smarthealth.live\/fr\/#\/schema\/logo\/image\/","url":"https:\/\/smarthealth.live\/wp-content\/uploads\/2013\/07\/logofutura400PIXBREED.png","contentUrl":"https:\/\/smarthealth.live\/wp-content\/uploads\/2013\/07\/logofutura400PIXBREED.png","width":400,"height":96,"caption":"SmartHealth"},"image":{"@id":"https:\/\/smarthealth.live\/fr\/#\/schema\/logo\/image\/"},"sameAs":["https:\/\/www.facebook.com\/smarthealthnl\/","https:\/\/x.com\/SmartHealthNL"]},{"@type":"Person","@id":"https:\/\/smarthealth.live\/fr\/#\/schema\/person\/0e4910a90a4d77ab7745f11e961ebf6b","name":"Sebas Eikholt","description":"Sebas werkt als redacteur bij SmartHealth. Hij heeft in 2012 de master Media Studies afgerond aan de Erasmus Universiteit Rotterdam. Hij is daarna o.a. werkzaam geweest bij Apple in Madrid, als freelance journalist en als redacteur bij het gezondheidsplatform Patient Empowerment.","url":"https:\/\/smarthealth.live\/fr\/author\/sebas-eikholt\/"}]}},"_links":{"self":[{"href":"https:\/\/smarthealth.live\/fr\/wp-json\/wp\/v2\/posts\/51588","targetHints":{"allow":["GET"]}}],"collection":[{"href":"https:\/\/smarthealth.live\/fr\/wp-json\/wp\/v2\/posts"}],"about":[{"href":"https:\/\/smarthealth.live\/fr\/wp-json\/wp\/v2\/types\/post"}],"author":[{"embeddable":true,"href":"https:\/\/smarthealth.live\/fr\/wp-json\/wp\/v2\/users\/42"}],"replies":[{"embeddable":true,"href":"https:\/\/smarthealth.live\/fr\/wp-json\/wp\/v2\/comments?post=51588"}],"version-history":[{"count":6,"href":"https:\/\/smarthealth.live\/fr\/wp-json\/wp\/v2\/posts\/51588\/revisions"}],"predecessor-version":[{"id":51590,"href":"https:\/\/smarthealth.live\/fr\/wp-json\/wp\/v2\/posts\/51588\/revisions\/51590"}],"wp:featuredmedia":[{"embeddable":true,"href":"https:\/\/smarthealth.live\/fr\/wp-json\/wp\/v2\/media\/51561"}],"wp:attachment":[{"href":"https:\/\/smarthealth.live\/fr\/wp-json\/wp\/v2\/media?parent=51588"}],"wp:term":[{"taxonomy":"category","embeddable":true,"href":"https:\/\/smarthealth.live\/fr\/wp-json\/wp\/v2\/categories?post=51588"},{"taxonomy":"post_tag","embeddable":true,"href":"https:\/\/smarthealth.live\/fr\/wp-json\/wp\/v2\/tags?post=51588"}],"curies":[{"name":"wp","href":"https:\/\/api.w.org\/{rel}","templated":true}]}}